{"id":42398988,"date":"2011-02-08T17:19:09","date_gmt":"2011-02-08T17:19:09","guid":{"rendered":"http:\/\/fermebiodupetitsart.posterous.com\/quelle-terre-voulons-nous-pour-nos-enfants"},"modified":"2015-01-10T09:28:18","modified_gmt":"2015-01-10T08:28:18","slug":"quelle-terre-voulons-nous-pour-nos-enfants","status":"publish","type":"post","link":"https:\/\/fermebiodupetitsart.be\/?p=42398988","title":{"rendered":"Quelle terre voulons-nous pour nos enfants ?"},"content":{"rendered":"<p><div class='p_embed p_image_embed'><img loading=\"lazy\" decoding=\"async\" alt=\"P1040946\" height=\"240\" src=\"http:\/\/fermebiodupetitsart.be\/wp-content\/uploads\/2013\/04\/p1040946.jpg\" width=\"320\" \/><\/div>\n<\/p>\n<p><span style=\"font-size:19px;\"><\/span><\/p>\n<p><div class='p_embed p_image_embed'><img loading=\"lazy\" decoding=\"async\" alt=\"P1100181\" height=\"240\" src=\"http:\/\/fermebiodupetitsart.be\/wp-content\/uploads\/2013\/04\/p1100181.jpg\" width=\"320\" \/><\/div>\n<\/p>\n<\/p>\n<p><span style=\"font-size:14pt;font-family:Verdana;\">Une terre propre et saine, o\u00f9 l\u2019homme peut enfin poser des choix sains et de bon sens. <\/span><span><span style=\"font-size:19px;\"><b>Hubert del Marmol<\/b><\/span><\/span><span style=\"font-size:14pt;font-family:Verdana;\">, apr\u00e8s un long chemin personnel, a fait ce choix. Il a investi dans une ferme qu\u2019il souhaite biologique, dans un environnement qui permette cette r\u00e9alisation.<\/span><\/p>\n<p><span style=\"font-size:14pt;font-family:Verdana;\">Dans son p\u00e9riple, des forces \u00e9tranges (obscures&nbsp;?) sont venues lui<span>&nbsp; <\/span>barrer la route, privil\u00e9giant les int\u00e9r\u00eats particuliers de nantis qui, au<span>&nbsp; <\/span>21 \u00e8me<span>&nbsp; <\/span>si\u00e8cle, croient pouvoir encore s\u2019octroyer les privil\u00e8ges des seigneurs du Moyen-\u00e2ge. <\/span><\/p>\n<p><span style=\"font-size:14pt;font-family:Verdana;\">Tout homme \u00e9pris d\u2019\u00e9quit\u00e9, <span>&nbsp;<\/span>dou\u00e9 d\u2019observation ou tout simplement avide de justice, se rend compte que ce projet est non seulement positif et sans faille, mais aussi porteur de devenir et d\u2019espoir pour un monde en train de muter in\u00e9luctablement vers un retour au respect de la terre et \u00e0 l\u2019\u2019\u00e9galit\u00e9 entre les hommes. <\/span><\/p>\n<p><span><span style=\"font-size:19px;\"><b>Non<\/b><\/span><\/span><span style=\"font-size:14pt;font-family:Verdana;\">,<\/span><span style=\"font-size:14pt;font-family:Verdana;\"> les int\u00e9r\u00eats particuliers et bassement mercantiles ne doivent pas, ne peuvent pas pr\u00e9valoir contre<span>&nbsp; <\/span>une initiative propre et saine.<\/span><\/p>\n<p><span style=\"font-size:14pt;font-family:Verdana;\"><b>Non<\/b>, le pouvoir particulier ne peut et ne doit pas pr\u00e9valoir contre l\u2019int\u00e9r\u00eat g\u00e9n\u00e9ral- en ces circonstances &#8211; bafou\u00e9 sans <b>v\u00e9ritable<\/b> raison valable.<\/span><\/p>\n<p><span><span style=\"font-size:19px;\"><b>Non,<\/b><\/span><\/span><span style=\"font-size:14pt;font-family:Verdana;\"> le cynisme et la b\u00eatise ne peuvent prendre le pas sur l\u2019ardent souhait de vrais chercheurs de sens de trouver de nouveaux chemins de lumi\u00e8re pour nos enfants et leurs enfants.<\/span><\/p>\n<p><span><span style=\"font-size:19px;\"><b>Oui<\/b><\/span><\/span><span style=\"font-size:14pt;font-family:Verdana;\">,<\/span><span style=\"font-size:14pt;font-family:Verdana;\"> le bon sens doit triompher, ou alors, il ne sera m\u00eame plus utile de prier.<\/span><\/p>\n<p><span style=\"font-family:Verdana;font-size:19px;\">Pierre Daniel<\/span><\/p>\n<p><span style=\"font-size:14pt;font-family:Verdana;\">7 f\u00e9vrier 2011<\/span><\/p>\n<p><span style=\"font-size:14pt;font-family:Verdana;\"><\/span><\/p>\n<p><span style=\"font-size:14pt;font-family:Verdana;\"><span>&nbsp;<\/span><\/span><\/p>\n<p><div class='p_embed p_image_embed'><a href=\"http:\/\/fermebiodupetitsart.be\/wp-content\/uploads\/2013\/04\/p1100075.jpg\"><img loading=\"lazy\" decoding=\"async\" alt=\"P1100075\" height=\"375\" src=\"http:\/\/fermebiodupetitsart.be\/wp-content\/uploads\/2013\/04\/p1100075.jpg?w=300\" width=\"500\" \/><\/a><\/div>\n<\/p>\n<\/p>\n<p><div class='p_embed p_image_embed'><a href=\"http:\/\/fermebiodupetitsart.be\/wp-content\/uploads\/2013\/04\/p1040456.jpg\"><img loading=\"lazy\" decoding=\"async\" alt=\"P1040456\" height=\"375\" src=\"http:\/\/fermebiodupetitsart.be\/wp-content\/uploads\/2013\/04\/p1040456.jpg?w=300\" width=\"500\" \/><\/a><\/div><\/p>\n","protected":false},"excerpt":{"rendered":"<p>Une terre propre et saine, o\u00f9 l\u2019homme peut enfin poser des choix sains et de bon sens. Hubert del Marmol, apr\u00e8s un long chemin personnel, a fait ce choix. Il a investi dans une ferme qu\u2019il souhaite biologique, dans un &hellip; <a href=\"https:\/\/fermebiodupetitsart.be\/?p=42398988\">Continuer la lecture <span class=\"meta-nav\">&rarr;<\/span><\/a><\/p>\n","protected":false},"author":1,"featured_media":0,"comment_status":"closed","ping_status":"closed","sticky":false,"template":"","format":"standard","meta":{"footnotes":""},"categories":[6],"tags":[],"class_list":["post-42398988","post","type-post","status-publish","format-standard","hentry","category-uncategorized"],"_links":{"self":[{"href":"https:\/\/fermebiodupetitsart.be\/index.php?rest_route=\/wp\/v2\/posts\/42398988","targetHints":{"allow":["GET"]}}],"collection":[{"href":"https:\/\/fermebiodupetitsart.be\/index.php?rest_route=\/wp\/v2\/posts"}],"about":[{"href":"https:\/\/fermebiodupetitsart.be\/index.php?rest_route=\/wp\/v2\/types\/post"}],"author":[{"embeddable":true,"href":"https:\/\/fermebiodupetitsart.be\/index.php?rest_route=\/wp\/v2\/users\/1"}],"replies":[{"embeddable":true,"href":"https:\/\/fermebiodupetitsart.be\/index.php?rest_route=%2Fwp%2Fv2%2Fcomments&post=42398988"}],"version-history":[{"count":1,"href":"https:\/\/fermebiodupetitsart.be\/index.php?rest_route=\/wp\/v2\/posts\/42398988\/revisions"}],"predecessor-version":[{"id":176277396,"href":"https:\/\/fermebiodupetitsart.be\/index.php?rest_route=\/wp\/v2\/posts\/42398988\/revisions\/176277396"}],"wp:attachment":[{"href":"https:\/\/fermebiodupetitsart.be\/index.php?rest_route=%2Fwp%2Fv2%2Fmedia&parent=42398988"}],"wp:term":[{"taxonomy":"category","embeddable":true,"href":"https:\/\/fermebiodupetitsart.be\/index.php?rest_route=%2Fwp%2Fv2%2Fcategories&post=42398988"},{"taxonomy":"post_tag","embeddable":true,"href":"https:\/\/fermebiodupetitsart.be\/index.php?rest_route=%2Fwp%2Fv2%2Ftags&post=42398988"}],"curies":[{"name":"wp","href":"https:\/\/api.w.org\/{rel}","templated":true}]}}