{"id":36762278,"date":"2010-12-18T12:29:08","date_gmt":"2010-12-18T12:29:08","guid":{"rendered":"http:\/\/fermebiodupetitsart.posterous.com\/nouvelle-demande-de-permis-durbanisme-regular"},"modified":"2015-01-10T09:28:18","modified_gmt":"2015-01-10T08:28:18","slug":"nouvelle-demande-de-permis-durbanisme-regular","status":"publish","type":"post","link":"https:\/\/fermebiodupetitsart.be\/?p=36762278","title":{"rendered":"Nouvelle demande de permis d\u2019urbanisme (R\u00e9gularisation ) pour la Ferme Bio du Petit Sart."},"content":{"rendered":"<p style=\"margin-bottom:0;\"><span style=\"font-size:15px;\"><b>L&rsquo;Avenir (\u00e9dition Brabant-Wallon) publie ce samedi 18 d\u00e9cembre une pleine page sous le titre \u00ab\u00a0Inaugur\u00e9e par le Ministre, la ferme n&rsquo;avait plus de permis\u00a0\u00bb.<\/b><\/span><\/p>\n<p \/>\n<div><span style=\"font-size:14px;\">Voici \u00ab\u00a0\u00e0 chaud\u00a0\u00bb la r\u00e9action recue d&rsquo;Hubert del Marmol, Agro-biologiste.<\/span><\/div>\n<p \/>\n<p style=\"text-align:justify;\"><span style=\"font-size:11pt;\">Par la pr\u00e9sente, je voudrais apporter les pr\u00e9cisions suivantes. Ce n&rsquo;est que le mardi 30 novembre que &nbsp;j&rsquo;ai \u00e9t\u00e9&nbsp;&nbsp;inform\u00e9 personnellement (par un courriel re\u00e7u vers 18 heures de mon avocat, Ma\u00eetre Jehan de Lannoy)&nbsp;\u2013 avec surprise et<span>&nbsp; <\/span>grand \u00e9tonnement &#8211; que le Conseil d\u2019Etat venait d\u2019annuler mon permis d\u2019urbanisme d\u00e9livr\u00e9 sur recours par le Ministre wallon de l\u2019Environnement, de l\u2019Am\u00e9nagement du territoire et de la Mobilit\u00e9 le 2 juillet 2010 pour la construction de ma ferme bio (hangar agricole et corps de logis) sur un bien sis \u00e0 Grez-Doiceau, 75 rue du Petit Sart.<\/span><\/p>\n<p style=\"text-align:justify;\"><span style=\"font-size:11pt;\">Permettez-moi de souligner<span>&nbsp; <\/span>d\u2019embl\u00e9e le fait que le Pr\u00e9sident du Conseil d\u2019Etat ne s\u2019est pas prononc\u00e9 sur le fond (la pertinence d\u2019implanter une ferme bio sur le plateau agricole du Petit Sart), mais<span>&nbsp; <\/span>bien<span>&nbsp; <\/span>sur<span style=\"color:#943634;\"> <\/span>un fait de proc\u00e9dure. Plus pr\u00e9cis\u00e9ment le fait que selon lui \u201c<i>le Ministre de l\u2019Environnement, de l\u2019Am\u00e9nagement duTerritoire et de la Mobilit\u00e9 \u00e9tait incomp\u00e9tent ratione temporis pour ce faire d\u00e8s lors que l\u2019envoi de sa d\u00e9cision aurait d\u00fb intervenir dans les 30 jours compt\u00e9s \u00e0 partir de la notification de l\u2019arr\u00eat d\u2019annulation N\u00b0203.626 du 4 mai 2010<\/i>\u201d. A entendre une demi-douzaine d\u2019avocats et de juristes sp\u00e9cialis\u00e9s en<span>&nbsp; <\/span>mati\u00e8re d\u2019Urbanisme, voil\u00e0 un Arr\u00eat qui les surprend. <span>&nbsp;<\/span>Le Pr\u00e9sident du Conseil d\u2019Etat remet en question une jurisprudence appliqu\u00e9e depuis 1984 ( l&rsquo;Arr\u00eat Van Bever N\u00b023.870)<span>&nbsp;&nbsp;<\/span>par &nbsp;tous les ministres en charge de l\u2019Am\u00e9nagement du Territoire&#8230; depuis 26 ans. Mais la V\u00e9rit\u00e9 judiciaire s\u2019est exprim\u00e9e&nbsp;<i>!<\/i><\/span><\/p>\n<p style=\"text-align:justify;\"><span style=\"font-size:11pt;\">Aussi, prenant acte de cet Arr\u00eat N\u00b0209.061, je me devais de r\u00e9-introduire aupr\u00e8s de la Commune, selon les r\u00e8gles l\u00e9gales, une nouvelle demande de permis d\u2019urbanisme. <\/span><span style=\"font-size:11pt;\">Pour rappel,<\/span><span style=\"font-size:11pt;font-family:Calibri;\"> <\/span><span style=\"font-size:11pt;\">la demande de permis porte sur un corps de ferme totalement bard\u00e9 de m\u00e9l\u00e8ze, de type \u00ab\u00a0basse \u00e9nergie\u00a0\u00bb r\u00e9pondant aux normes \u00e9nerg\u00e9tiques K25 (via la pose de triple vitrage,<span>&nbsp; <\/span>de panneaux solaires, de la r\u00e9cup\u00e9ration des eaux de pluies,<span>&nbsp; <\/span>d\u2019une chaudi\u00e8re \u00e0 b\u00fbches) et un hangar agricole.<\/span><span style=\"font-size:11pt;\"><\/span><\/p>\n<p style=\"text-align:justify;\"><span style=\"font-size:11pt;\">Dans mon dossier d\u2019octroi du permis d\u2019urbanisme pour la Ferme Bio du Petit Sart, nous quittons \u00e0 pr\u00e9sent une phase juridique &#8211; initi\u00e9 principalement par mon cousin germain Dominique Dumont de Chassart, &nbsp;exploitant agriculteur \u00e0 un kilom\u00e8tre de mon implantation&#8230; &nbsp;&#8211; au profit d\u2019un r\u00e9-examen politique &nbsp;par le Coll\u00e8ge communal, de ma demande de Permis et de prise en consid\u00e9ration de l\u2019int\u00e9r\u00eat de mon projet bio.<\/span><\/p>\n<p style=\"text-align:justify;\"><span style=\"font-size:11pt;\"><span>&nbsp;<\/span>Il s\u2019agit de consid\u00e9rer cette nouvelle demande r\u00e9introduite le 7 d\u00e9cembre 2010 aupr\u00e8s de la commune comme <b>un permis de r\u00e9gularisation,<\/b> \u00e9tant entendu que &nbsp;le hangar agricole et le gros oeuvre du corps de ferme ont d\u00e9j\u00e0 \u00e9t\u00e9 construits, &nbsp;par des entreprises de la r\u00e9gion sur base du Permis d\u2019Urbanisme d\u00e9livr\u00e9 par le Ministre Philippe Henry, sur avis positif et &nbsp;recommandation favorable de la Commission Wallonne des Recours. Le Ministre de l\u2019Agriculture,<span>&nbsp; <\/span>Benoit Lutgen (CdH)<span>&nbsp; <\/span>dans une lettre dat\u00e9e du 24 juin dernier<span>&nbsp; <\/span>me \u201c<i>f\u00e9licite pour la r\u00e9alisation et m\u2019encourage \u00e0 d\u00e9velopper le secteur bio au sein de votre exploitation. Votre projet cadre pleinement avec les objectifs que le Gouvernement s\u2019est fix\u00e9 pour accro\u00eetre la production biologique en Wallonie\u201d.<\/i><\/span><\/p>\n<p style=\"text-align:justify;\"><span style=\"font-size:11pt;\">Depuis la communication d<\/span><span style=\"font-size:11pt;\">e l&rsquo;Arr\u00eat du Conseil d&rsquo;Etat, j&rsquo;ai ordonn\u00e9 la suspension imm\u00e9diate<\/span><span style=\"font-size:15px;\">&nbsp;du chantier. &nbsp;Les cons\u00e9quences sont multiples. Les plus lourdes pour moi :&nbsp;<\/span><\/p>\n<p style=\"text-align:justify;\"><span style=\"font-size:11pt;\">&#8211; Une quinzaine d&rsquo;ouvriers du Brabant-Wallon sont \u00e0 pr\u00e9sents en ch\u00f4mage&#8230;&nbsp;<\/span><\/p>\n<p style=\"text-align:justify;\"><span style=\"font-size:11pt;\">&#8211; Je suis &nbsp;toujours domicili\u00e9 \u00e0 Bruxelles. J&rsquo;aspire vivre \u00e0 proximit\u00e9 imm\u00e9diate de mes terres et mon b\u00e9tail &nbsp;Mais deux fois par jour, je dois venir donner \u00e0 boire \u00e0 mon troupeaux de vaches avec un bidon, car comme il n&rsquo;y a pas d&rsquo;\u00e9lectricit\u00e9, les abreuvoirs g\u00e8lent. &nbsp;<\/span><\/p>\n<p style=\"text-align:justify;\"><span style=\"font-size:11pt;\">Fort heureusement, je garde confiance et espoir en mon projet de reconversion Bio. Je b\u00e9n\u00e9ficie d\u00e9j\u00e0 des conseils et soutiens de plusieurs centaines de voisins, amis et citoyens de Grez-Doiceau et du &nbsp;Brabant-Wallon.<\/span><\/p>\n<div>\n<div class='p_embed p_image_embed'><img loading=\"lazy\" decoding=\"async\" alt=\"P1040393\" height=\"240\" src=\"http:\/\/fermebiodupetitsart.be\/wp-content\/uploads\/2013\/04\/p1040393.jpg\" width=\"180\" \/><\/div>\n<\/div>\n<div>Hubert del Marmol,<\/div>\n","protected":false},"excerpt":{"rendered":"<p>L&rsquo;Avenir (\u00e9dition Brabant-Wallon) publie ce samedi 18 d\u00e9cembre une pleine page sous le titre \u00ab\u00a0Inaugur\u00e9e par le Ministre, la ferme n&rsquo;avait plus de permis\u00a0\u00bb.Voici \u00a0\u00bb  chaud\u00a0\u00bb la r\u00e9action recue d&rsquo;Hubert del Marmol, Agro-biologiste.Par la pr\u00e9sente,&#8230; <a href=\"https:\/\/fermebiodupetitsart.be\/?p=36762278\">Continuer la lecture <span class=\"meta-nav\">&rarr;<\/span><\/a><\/p>\n","protected":false},"author":1,"featured_media":0,"comment_status":"closed","ping_status":"closed","sticky":false,"template":"","format":"standard","meta":{"footnotes":""},"categories":[6],"tags":[],"class_list":["post-36762278","post","type-post","status-publish","format-standard","hentry","category-uncategorized"],"_links":{"self":[{"href":"https:\/\/fermebiodupetitsart.be\/index.php?rest_route=\/wp\/v2\/posts\/36762278","targetHints":{"allow":["GET"]}}],"collection":[{"href":"https:\/\/fermebiodupetitsart.be\/index.php?rest_route=\/wp\/v2\/posts"}],"about":[{"href":"https:\/\/fermebiodupetitsart.be\/index.php?rest_route=\/wp\/v2\/types\/post"}],"author":[{"embeddable":true,"href":"https:\/\/fermebiodupetitsart.be\/index.php?rest_route=\/wp\/v2\/users\/1"}],"replies":[{"embeddable":true,"href":"https:\/\/fermebiodupetitsart.be\/index.php?rest_route=%2Fwp%2Fv2%2Fcomments&post=36762278"}],"version-history":[{"count":1,"href":"https:\/\/fermebiodupetitsart.be\/index.php?rest_route=\/wp\/v2\/posts\/36762278\/revisions"}],"predecessor-version":[{"id":176277398,"href":"https:\/\/fermebiodupetitsart.be\/index.php?rest_route=\/wp\/v2\/posts\/36762278\/revisions\/176277398"}],"wp:attachment":[{"href":"https:\/\/fermebiodupetitsart.be\/index.php?rest_route=%2Fwp%2Fv2%2Fmedia&parent=36762278"}],"wp:term":[{"taxonomy":"category","embeddable":true,"href":"https:\/\/fermebiodupetitsart.be\/index.php?rest_route=%2Fwp%2Fv2%2Fcategories&post=36762278"},{"taxonomy":"post_tag","embeddable":true,"href":"https:\/\/fermebiodupetitsart.be\/index.php?rest_route=%2Fwp%2Fv2%2Ftags&post=36762278"}],"curies":[{"name":"wp","href":"https:\/\/api.w.org\/{rel}","templated":true}]}}