{"id":36708137,"date":"2010-12-17T21:26:48","date_gmt":"2010-12-17T21:26:48","guid":{"rendered":"http:\/\/fermebiodupetitsart.posterous.com\/le-ministre-et-bourgmestre-charles-michel-mr"},"modified":"2015-01-10T09:28:18","modified_gmt":"2015-01-10T08:28:18","slug":"le-ministre-et-bourgmestre-charles-michel-mr","status":"publish","type":"post","link":"https:\/\/fermebiodupetitsart.be\/?p=36708137","title":{"rendered":"Le Ministre et Bourgmestre Charles MICHEL (MR) : \u00ab\u00a0Je ne peux qu&rsquo;encourager et saluer votre dynamisme\u00a0\u00bb"},"content":{"rendered":"<p><b><i><\/p>\n<div style=\"font-size:13px;\">\n<div><b><i><\/i><\/b><\/p>\n<div style=\"font-size:13px;\">Concerne : Votre implantation de la Ferme Bio du Petit Sart \u00e0 Grez-Doiceau<\/div>\n<\/div>\n<\/div>\n<p><\/i><\/b><\/p>\n<p \/>\n<div><b><i><\/i><\/b><\/p>\n<div style=\"font-size:13px;\">Cher Monsieur,<\/div>\n<\/div>\n<p \/>&nbsp;&nbsp;\u00ab\u00a0C&rsquo;est avec beaucoup d&rsquo;int\u00e9r\u00eat que j&rsquo;ai pris connaissance, au travers du dossier que vous m&rsquo;avez envoy\u00e9, de vos projets de transformation de votre exploitation agricole et de votre engagement en faveur du d\u00e9veloppement de l&rsquo;agriculture biologique, secteur en plein essor, r\u00e9pondant \u00e0 une demande croissante de la soci\u00e9t\u00e9.<\/p>\n<div><b><i><span style=\"font-size:13px;\">Je ne peux que vous encourager et saluer votre dynamisme \u00e0 forger un nouvel avenir \u00e0 la fois par la diversification, par l&rsquo;innovation, la production et la commercialisation de produits artisanaux issus de votre exploitation.\u00a0\u00bb (&#8230;)<\/span><\/i><\/b><\/div>\n<p \/>\n<p \/>\n<div><span style=\"font-size:13px;\"><b><i><\/p>\n<div class='p_embed p_image_embed'><img loading=\"lazy\" decoding=\"async\" alt=\"Pastedgraphic-2\" height=\"256\" src=\"http:\/\/fermebiodupetitsart.be\/wp-content\/uploads\/2013\/04\/pastedgraphic-2-tiff-converted.jpg\" width=\"197\" \/><\/div>\n<p><\/i><\/b><\/span><\/div>\n<p \/>\n<div><b><i><span style=\"font-size:18px;\">Charles MICHEL<\/span><span style=\"font-size:13px;\">, Ministre de la Coop\u00e9ration au D\u00e9veloppement&nbsp;<\/span><\/i><\/b><\/div>\n<div><b><i><span style=\"font-size:13px;\">(et Bourgmestre &#8211; emp\u00each\u00e9 &#8211; de Wavre)<\/span><\/i><\/b><\/div>\n","protected":false},"excerpt":{"rendered":"<p>Concerne : Votre implantation de la Ferme Bio du Petit Sart   Grez-DoiceauCher Monsieur, \u00ab\u00a0C&rsquo;est avec beaucoup d&rsquo;int\u00e9r\u00eat que j&rsquo;ai pris connaissance, au travers du dossier que vous m&rsquo;avez envoy\u00e9, de vos projets de transformation de votre exploit&#8230; <a href=\"https:\/\/fermebiodupetitsart.be\/?p=36708137\">Continuer la lecture <span class=\"meta-nav\">&rarr;<\/span><\/a><\/p>\n","protected":false},"author":1,"featured_media":0,"comment_status":"closed","ping_status":"closed","sticky":false,"template":"","format":"standard","meta":{"footnotes":""},"categories":[6],"tags":[],"class_list":["post-36708137","post","type-post","status-publish","format-standard","hentry","category-uncategorized"],"_links":{"self":[{"href":"https:\/\/fermebiodupetitsart.be\/index.php?rest_route=\/wp\/v2\/posts\/36708137","targetHints":{"allow":["GET"]}}],"collection":[{"href":"https:\/\/fermebiodupetitsart.be\/index.php?rest_route=\/wp\/v2\/posts"}],"about":[{"href":"https:\/\/fermebiodupetitsart.be\/index.php?rest_route=\/wp\/v2\/types\/post"}],"author":[{"embeddable":true,"href":"https:\/\/fermebiodupetitsart.be\/index.php?rest_route=\/wp\/v2\/users\/1"}],"replies":[{"embeddable":true,"href":"https:\/\/fermebiodupetitsart.be\/index.php?rest_route=%2Fwp%2Fv2%2Fcomments&post=36708137"}],"version-history":[{"count":1,"href":"https:\/\/fermebiodupetitsart.be\/index.php?rest_route=\/wp\/v2\/posts\/36708137\/revisions"}],"predecessor-version":[{"id":176277400,"href":"https:\/\/fermebiodupetitsart.be\/index.php?rest_route=\/wp\/v2\/posts\/36708137\/revisions\/176277400"}],"wp:attachment":[{"href":"https:\/\/fermebiodupetitsart.be\/index.php?rest_route=%2Fwp%2Fv2%2Fmedia&parent=36708137"}],"wp:term":[{"taxonomy":"category","embeddable":true,"href":"https:\/\/fermebiodupetitsart.be\/index.php?rest_route=%2Fwp%2Fv2%2Fcategories&post=36708137"},{"taxonomy":"post_tag","embeddable":true,"href":"https:\/\/fermebiodupetitsart.be\/index.php?rest_route=%2Fwp%2Fv2%2Ftags&post=36708137"}],"curies":[{"name":"wp","href":"https:\/\/api.w.org\/{rel}","templated":true}]}}