{"id":36707355,"date":"2010-12-17T21:10:49","date_gmt":"2010-12-17T21:10:49","guid":{"rendered":"http:\/\/fermebiodupetitsart.posterous.com\/merci-en-tant-que-citoyen-de-la-planete-terre"},"modified":"2015-01-10T09:28:18","modified_gmt":"2015-01-10T08:28:18","slug":"merci-en-tant-que-citoyen-de-la-planete-terre","status":"publish","type":"post","link":"https:\/\/fermebiodupetitsart.be\/?p=36707355","title":{"rendered":"\u00ab\u00a0Merci en tant que citoyen de la plan\u00e8te Terre\u00a0\u00bb"},"content":{"rendered":"<p>\u00ab\u00a0Il y &nbsp;en a qui parlent&#8230;. Il y en a qui agissent&#8230;!<\/p>\n<div>Il y en a qui attendent&#8230; Il y en a qui foncent&#8230;.!<\/div>\n<div>Il y en a qui h\u00e9sitent&#8230; d&rsquo;autres qui, apr\u00e8s r\u00e9flexions, agissent pour le bien commun&#8230;!<\/div>\n<div>(&#8230;)<\/div>\n<div>Continue Hubert et merci en tant que citoyen de la plan\u00e8te Terre. &nbsp; &nbsp; &nbsp;M E R C I&nbsp;<\/p>\n<p \/>\n<div>Rafa\u00ebl SOLANS-EZQUERRA<br \/>Ing\u00e9nieur Environnement<br \/>Prof. vacataire ENSIL &nbsp;(Limoges)<br \/>Eau et Environnement<br \/><a href=\"mailto:solans@ensil.unilim.fr\">solans@ensil.unilim.fr<\/a>\u00ab\u00a0<\/div>\n<\/div>\n","protected":false},"excerpt":{"rendered":"<p>\u00ab\u00a0Il y en a qui parlent&#8230;. Il y en a qui agissent&#8230;!Il y en a qui attendent&#8230; Il y en a qui foncent&#8230;.!Il y en a qui h\u00e9sitent&#8230; d&rsquo;autres qui, apr\u00e8s r\u00e9flexions, agissent pour le bien commun&#8230;!(&#8230;)Continue Hubert et merci en tant que citoyen d&#8230; <a href=\"https:\/\/fermebiodupetitsart.be\/?p=36707355\">Continuer la lecture <span class=\"meta-nav\">&rarr;<\/span><\/a><\/p>\n","protected":false},"author":1,"featured_media":0,"comment_status":"closed","ping_status":"closed","sticky":false,"template":"","format":"standard","meta":{"footnotes":""},"categories":[6],"tags":[],"class_list":["post-36707355","post","type-post","status-publish","format-standard","hentry","category-uncategorized"],"_links":{"self":[{"href":"https:\/\/fermebiodupetitsart.be\/index.php?rest_route=\/wp\/v2\/posts\/36707355","targetHints":{"allow":["GET"]}}],"collection":[{"href":"https:\/\/fermebiodupetitsart.be\/index.php?rest_route=\/wp\/v2\/posts"}],"about":[{"href":"https:\/\/fermebiodupetitsart.be\/index.php?rest_route=\/wp\/v2\/types\/post"}],"author":[{"embeddable":true,"href":"https:\/\/fermebiodupetitsart.be\/index.php?rest_route=\/wp\/v2\/users\/1"}],"replies":[{"embeddable":true,"href":"https:\/\/fermebiodupetitsart.be\/index.php?rest_route=%2Fwp%2Fv2%2Fcomments&post=36707355"}],"version-history":[{"count":1,"href":"https:\/\/fermebiodupetitsart.be\/index.php?rest_route=\/wp\/v2\/posts\/36707355\/revisions"}],"predecessor-version":[{"id":176277401,"href":"https:\/\/fermebiodupetitsart.be\/index.php?rest_route=\/wp\/v2\/posts\/36707355\/revisions\/176277401"}],"wp:attachment":[{"href":"https:\/\/fermebiodupetitsart.be\/index.php?rest_route=%2Fwp%2Fv2%2Fmedia&parent=36707355"}],"wp:term":[{"taxonomy":"category","embeddable":true,"href":"https:\/\/fermebiodupetitsart.be\/index.php?rest_route=%2Fwp%2Fv2%2Fcategories&post=36707355"},{"taxonomy":"post_tag","embeddable":true,"href":"https:\/\/fermebiodupetitsart.be\/index.php?rest_route=%2Fwp%2Fv2%2Ftags&post=36707355"}],"curies":[{"name":"wp","href":"https:\/\/api.w.org\/{rel}","templated":true}]}}