{"id":36704205,"date":"2010-12-17T20:21:51","date_gmt":"2010-12-17T20:21:51","guid":{"rendered":"http:\/\/fermebiodupetitsart.posterous.com\/il-y-a-urgence-a-proteger-lenvironnement-et-a"},"modified":"2015-01-10T09:28:18","modified_gmt":"2015-01-10T08:28:18","slug":"il-y-a-urgence-a-proteger-lenvironnement-et-a","status":"publish","type":"post","link":"https:\/\/fermebiodupetitsart.be\/?p=36704205","title":{"rendered":"\u00ab\u00a0Il y a urgence \u00e0 prot\u00e9ger l&rsquo;environnement et \u00e0 changer notre mod\u00e8le de d\u00e9veloppement \u00a0\u00bb nous \u00e9crit le climatologue du GIEC Jean-Pascal van Ypersele"},"content":{"rendered":"<p><span style=\"font-size:13px;\">En quasi voisin, (il habite Vieusart), le Professeur Jean-Pascal van Ypersele (UCL) &nbsp;soutient depuis le d\u00e9part (2006) le projet d&rsquo;implantation de la Ferme Bio du Petit Sart (sur la commune &nbsp;voisine de Grez-Doiceau).<\/span><\/p>\n<p \/>\n<p><div class='p_embed p_image_embed'><img loading=\"lazy\" decoding=\"async\" alt=\"Dsc_7149\" height=\"213\" src=\"http:\/\/fermebiodupetitsart.be\/wp-content\/uploads\/2013\/04\/dsc_7149.jpg\" width=\"320\" \/><\/div>\n<\/p>\n<p \/>\n<p><div class='p_embed p_image_embed'><img loading=\"lazy\" decoding=\"async\" alt=\"P1020051\" height=\"213\" src=\"http:\/\/fermebiodupetitsart.be\/wp-content\/uploads\/2013\/04\/p1020051.jpg\" width=\"320\" \/><\/div>\n<\/p>\n<div>\n<p \/>\n<div><span style=\"font-size:13px;\"><br \/><\/span><\/p>\n<div><span style=\"font-size:13px;\">Tout naturellement, et en pleine reconnaissance, les membres de l&rsquo;association les \u00ab\u00a0Amis de la Ferme Bio du Petit Sart\u00a0\u00bb &nbsp;l&rsquo;ont-ils &nbsp;invit\u00e9 \u00e0 devenir le parrain de Pascaline, &nbsp; une g\u00e9nisse int\u00e9gr\u00e9e dans le troupeau de Limousines bio. Ci-apr\u00e8s &#8211; parmi beaucoup d&rsquo;autres &#8211; &nbsp;voici message laiss\u00e9 par le vice-Pr\u00e9sident du GIEC dans le Livre d&rsquo;Or :<\/span><\/div>\n<p \/>\n<div><i><span style=\"font-size:14px;\">\u00ab\u00a0Ch\u00e8re Pascaline,<\/span><\/i><\/div>\n<div><i><span style=\"font-size:14px;\">Merci d&rsquo;\u00eatre un signe concret de la transformation qui commence &#8211; trop lentement &#8211; \u00e0 la surface de notre plan\u00e8te. Puisse ta cloche nous tenir \u00e9veill\u00e9s longtemps et nous rappeler qu&rsquo;il y a URGENCE \u00e0 prot\u00e9ger l&rsquo;environnement et \u00e0 changer notre mod\u00e8le de d\u00e9veloppement. &nbsp;Longue vie \u00e0 ma filleule !<\/span><\/i><\/div>\n<div><span style=\"font-size:14px;\"><b>Jean-Pascal van Ypersele\u00a0\u00bb<\/b><\/span><\/div>\n<\/div>\n<\/div>\n","protected":false},"excerpt":{"rendered":"<p>En quasi voisin, (il habite Vieusart), le Professeur Jean-Pascal van Ypersele (UCL) soutient depuis le d\u00e9part (2006) le projet d&rsquo;implantation de la Ferme Bio du Petit Sart (sur la commune voisine de Grez-Doiceau).Tout naturellement, et en pleine &#8230; <a href=\"https:\/\/fermebiodupetitsart.be\/?p=36704205\">Continuer la lecture <span class=\"meta-nav\">&rarr;<\/span><\/a><\/p>\n","protected":false},"author":1,"featured_media":0,"comment_status":"closed","ping_status":"closed","sticky":false,"template":"","format":"standard","meta":{"footnotes":""},"categories":[6],"tags":[],"class_list":["post-36704205","post","type-post","status-publish","format-standard","hentry","category-uncategorized"],"_links":{"self":[{"href":"https:\/\/fermebiodupetitsart.be\/index.php?rest_route=\/wp\/v2\/posts\/36704205","targetHints":{"allow":["GET"]}}],"collection":[{"href":"https:\/\/fermebiodupetitsart.be\/index.php?rest_route=\/wp\/v2\/posts"}],"about":[{"href":"https:\/\/fermebiodupetitsart.be\/index.php?rest_route=\/wp\/v2\/types\/post"}],"author":[{"embeddable":true,"href":"https:\/\/fermebiodupetitsart.be\/index.php?rest_route=\/wp\/v2\/users\/1"}],"replies":[{"embeddable":true,"href":"https:\/\/fermebiodupetitsart.be\/index.php?rest_route=%2Fwp%2Fv2%2Fcomments&post=36704205"}],"version-history":[{"count":1,"href":"https:\/\/fermebiodupetitsart.be\/index.php?rest_route=\/wp\/v2\/posts\/36704205\/revisions"}],"predecessor-version":[{"id":176277402,"href":"https:\/\/fermebiodupetitsart.be\/index.php?rest_route=\/wp\/v2\/posts\/36704205\/revisions\/176277402"}],"wp:attachment":[{"href":"https:\/\/fermebiodupetitsart.be\/index.php?rest_route=%2Fwp%2Fv2%2Fmedia&parent=36704205"}],"wp:term":[{"taxonomy":"category","embeddable":true,"href":"https:\/\/fermebiodupetitsart.be\/index.php?rest_route=%2Fwp%2Fv2%2Fcategories&post=36704205"},{"taxonomy":"post_tag","embeddable":true,"href":"https:\/\/fermebiodupetitsart.be\/index.php?rest_route=%2Fwp%2Fv2%2Ftags&post=36704205"}],"curies":[{"name":"wp","href":"https:\/\/api.w.org\/{rel}","templated":true}]}}