{"id":36698050,"date":"2010-12-17T18:57:20","date_gmt":"2010-12-17T18:57:20","guid":{"rendered":"http:\/\/fermebiodupetitsart.posterous.com\/le-ministre-de-lagriculture-benoit-lutgen-cdh"},"modified":"2015-01-10T09:28:18","modified_gmt":"2015-01-10T08:28:18","slug":"le-ministre-de-lagriculture-benoit-lutgen-cdh","status":"publish","type":"post","link":"https:\/\/fermebiodupetitsart.be\/?p=36698050","title":{"rendered":"Le Ministre de l&rsquo;Agriculture, Beno\u00eet Lutgen (CDH) : \u00ab\u00a0Votre projet cadre pleinement avec les objectifs que le Gouvernement s&rsquo;est fix\u00e9\u00a0\u00bb"},"content":{"rendered":"<div>\n<div class='p_embed p_image_embed'><img loading=\"lazy\" decoding=\"async\" alt=\"Pastedgraphic-1\" height=\"120\" src=\"http:\/\/fermebiodupetitsart.be\/wp-content\/uploads\/2013\/04\/pastedgraphic-1-tiff-converted1.jpg\" width=\"152\" \/><\/div>\n<\/div>\n<p \/>\n<div>Concerne : D\u00e9veloppement de la Ferme bio du Petit Sart (Grez-Doiceau)<\/div>\n<p \/>\n<div><i><span style=\"font-size:14px;\">Cher Monsieur del Marmol,<\/span><\/i><\/div>\n<p \/>\n<div><i><span style=\"font-size:14px;\">\u00ab\u00a0Je tiens \u00e0 vous f\u00e9liciter pour la r\u00e9alisation de votre projet et vous encourage \u00e0 d\u00e9velopper le secteur bio au sein de votre exploitation. Votre projet cadre pleinement avec les objectifs que le Gouvernement s&rsquo;est fix\u00e9 pour accro\u00eetre la production biologique en Wallonie.&nbsp;<\/span><\/i><\/div>\n<p \/>\n<div><i><span style=\"font-size:14px;\">Afin de soutenir au mieux ce type de production, j&rsquo;ai pris plusieurs dispositions visant \u00e0 encourager le d\u00e9veloppement du secteur bio en R\u00e9gion wallonne.<\/span><\/i><\/div>\n<p \/>\n<div><i><span style=\"font-size:14px;\">J&rsquo;ai notamment d\u00e9cid\u00e9 d&rsquo;accorder aux exploitants qui se lancent dans le bio des <\/span><\/i><i><span style=\"font-size:14px;\">sur<\/span><\/i><i><span style=\"font-size:14px;\">primes de reconversion de 50 \u00e0 150 euros par hectare durant les deux premi\u00e8res ann\u00e9es de transition (dans le cadre du programme M.A.E. du plan wallon de d\u00e9veloppement rural 2007-2013).<\/span><\/i><\/div>\n<div><i><span style=\"font-size:14px;\">Vous souhaitant plein succ\u00e8s dans votre projet&#8230;\u00a0\u00bb<\/span><\/i><\/div>\n<p \/>\n<div><i><span style=\"font-size:14px;\">(s) Beno\u00eet LUTGEN,&nbsp;<\/span><\/i><\/div>\n<div><i><span style=\"font-size:14px;\">Ministre wallon des Travaux publics, Agriculture, Ruralit\u00e9, Nature, For\u00eat et Patrimoine.<\/span><\/i><\/div>\n","protected":false},"excerpt":{"rendered":"<p>Concerne : D\u00e9veloppement de la Ferme bio du Petit Sart (Grez-Doiceau)Cher Monsieur del Marmol,\u00a0\u00bbJe tiens   vous f\u00e9liciter pour la r\u00e9alisation de votre projet et vous encourage   d\u00e9velopper le secteur bio au sein de votre exploitation. Votre p&#8230; <a href=\"https:\/\/fermebiodupetitsart.be\/?p=36698050\">Continuer la lecture <span class=\"meta-nav\">&rarr;<\/span><\/a><\/p>\n","protected":false},"author":1,"featured_media":0,"comment_status":"closed","ping_status":"closed","sticky":false,"template":"","format":"standard","meta":{"footnotes":""},"categories":[6],"tags":[],"class_list":["post-36698050","post","type-post","status-publish","format-standard","hentry","category-uncategorized"],"_links":{"self":[{"href":"https:\/\/fermebiodupetitsart.be\/index.php?rest_route=\/wp\/v2\/posts\/36698050","targetHints":{"allow":["GET"]}}],"collection":[{"href":"https:\/\/fermebiodupetitsart.be\/index.php?rest_route=\/wp\/v2\/posts"}],"about":[{"href":"https:\/\/fermebiodupetitsart.be\/index.php?rest_route=\/wp\/v2\/types\/post"}],"author":[{"embeddable":true,"href":"https:\/\/fermebiodupetitsart.be\/index.php?rest_route=\/wp\/v2\/users\/1"}],"replies":[{"embeddable":true,"href":"https:\/\/fermebiodupetitsart.be\/index.php?rest_route=%2Fwp%2Fv2%2Fcomments&post=36698050"}],"version-history":[{"count":1,"href":"https:\/\/fermebiodupetitsart.be\/index.php?rest_route=\/wp\/v2\/posts\/36698050\/revisions"}],"predecessor-version":[{"id":176277403,"href":"https:\/\/fermebiodupetitsart.be\/index.php?rest_route=\/wp\/v2\/posts\/36698050\/revisions\/176277403"}],"wp:attachment":[{"href":"https:\/\/fermebiodupetitsart.be\/index.php?rest_route=%2Fwp%2Fv2%2Fmedia&parent=36698050"}],"wp:term":[{"taxonomy":"category","embeddable":true,"href":"https:\/\/fermebiodupetitsart.be\/index.php?rest_route=%2Fwp%2Fv2%2Fcategories&post=36698050"},{"taxonomy":"post_tag","embeddable":true,"href":"https:\/\/fermebiodupetitsart.be\/index.php?rest_route=%2Fwp%2Fv2%2Ftags&post=36698050"}],"curies":[{"name":"wp","href":"https:\/\/api.w.org\/{rel}","templated":true}]}}