{"id":36056307,"date":"2010-12-11T21:06:11","date_gmt":"2010-12-11T21:06:11","guid":{"rendered":"http:\/\/fermebiodupetitsart.posterous.com\/mme-lamensch-je-sais-que-vous-respecterez-ces"},"modified":"2015-01-10T09:28:18","modified_gmt":"2015-01-10T08:28:18","slug":"mme-lamensch-je-sais-que-vous-respecterez-ces","status":"publish","type":"post","link":"https:\/\/fermebiodupetitsart.be\/?p=36056307","title":{"rendered":"Mme Lamensch : \u00ab\u00a0Je sais que vous respecterez ces lieux\u00a0\u00bb"},"content":{"rendered":"<p>\u00ab\u00a0<i><span style=\"font-size:13px;\">J&rsquo;ai ouvert le chemin d&rsquo;un petit coin de paradis. En commen\u00e7ant par un cabanon en bois, dans les ann\u00e9es &rsquo;50 puis en construisant de mes mains un pavillon dans lequel j&rsquo;\u00e9tais si heureuse avec mon mari Vincent.<\/span><\/i><\/p>\n<div><i><span style=\"font-size:13px;\">A vous Hubert de prendre le relais ! Je sais que vous respecterez ces lieux\u00a0\u00bb.<\/span><\/i><\/div>\n<div><span style=\"font-size:13px;\">H\u00e9l\u00e8ne&nbsp;<\/span><span style=\"font-weight:bold;\"><span style=\"font-size:13px;\">Lamensch<\/span><\/span><\/div>\n<div>\n<div>(Home Renard \u00e0 Grez-Doiceau &#8211; 20 mai 2004)<\/div>\n<\/div>\n<p \/>\n<p><div class='p_embed p_image_embed'><a href=\"http:\/\/fermebiodupetitsart.be\/wp-content\/uploads\/2013\/04\/dscn0803-scaled-1000.jpg\"><img loading=\"lazy\" decoding=\"async\" alt=\"Dscn0803\" height=\"641\" src=\"http:\/\/fermebiodupetitsart.be\/wp-content\/uploads\/2013\/04\/dscn0803-scaled-1000.jpg?w=234\" width=\"500\" \/><\/a><\/div>\n<\/p>\n<p \/>\n<p><div class='p_embed p_image_embed'><a href=\"http:\/\/fermebiodupetitsart.be\/wp-content\/uploads\/2013\/04\/dscn0810_2-scaled-1000.jpg\"><img loading=\"lazy\" decoding=\"async\" alt=\"Dscn0810_2\" height=\"375\" src=\"http:\/\/fermebiodupetitsart.be\/wp-content\/uploads\/2013\/04\/dscn0810_2-scaled-1000.jpg?w=300\" width=\"500\" \/><\/a><\/div><\/p>\n","protected":false},"excerpt":{"rendered":"<p>\u00ab\u00a0J&rsquo;ai ouvert le chemin d&rsquo;un petit coin de paradis. En commen\u00e7ant par un cabanon en bois, dans les ann\u00e9es &rsquo;50 puis en construisant de mes mains un pavillon dans lequel j&rsquo;\u00e9tais si heureuse avec mon mari Vincent.A vous Hubert de prendre le relais &#8230; <a href=\"https:\/\/fermebiodupetitsart.be\/?p=36056307\">Continuer la lecture <span class=\"meta-nav\">&rarr;<\/span><\/a><\/p>\n","protected":false},"author":1,"featured_media":0,"comment_status":"closed","ping_status":"closed","sticky":false,"template":"","format":"standard","meta":{"footnotes":""},"categories":[6],"tags":[],"class_list":["post-36056307","post","type-post","status-publish","format-standard","hentry","category-uncategorized"],"_links":{"self":[{"href":"https:\/\/fermebiodupetitsart.be\/index.php?rest_route=\/wp\/v2\/posts\/36056307","targetHints":{"allow":["GET"]}}],"collection":[{"href":"https:\/\/fermebiodupetitsart.be\/index.php?rest_route=\/wp\/v2\/posts"}],"about":[{"href":"https:\/\/fermebiodupetitsart.be\/index.php?rest_route=\/wp\/v2\/types\/post"}],"author":[{"embeddable":true,"href":"https:\/\/fermebiodupetitsart.be\/index.php?rest_route=\/wp\/v2\/users\/1"}],"replies":[{"embeddable":true,"href":"https:\/\/fermebiodupetitsart.be\/index.php?rest_route=%2Fwp%2Fv2%2Fcomments&post=36056307"}],"version-history":[{"count":1,"href":"https:\/\/fermebiodupetitsart.be\/index.php?rest_route=\/wp\/v2\/posts\/36056307\/revisions"}],"predecessor-version":[{"id":176277405,"href":"https:\/\/fermebiodupetitsart.be\/index.php?rest_route=\/wp\/v2\/posts\/36056307\/revisions\/176277405"}],"wp:attachment":[{"href":"https:\/\/fermebiodupetitsart.be\/index.php?rest_route=%2Fwp%2Fv2%2Fmedia&parent=36056307"}],"wp:term":[{"taxonomy":"category","embeddable":true,"href":"https:\/\/fermebiodupetitsart.be\/index.php?rest_route=%2Fwp%2Fv2%2Fcategories&post=36056307"},{"taxonomy":"post_tag","embeddable":true,"href":"https:\/\/fermebiodupetitsart.be\/index.php?rest_route=%2Fwp%2Fv2%2Ftags&post=36056307"}],"curies":[{"name":"wp","href":"https:\/\/api.w.org\/{rel}","templated":true}]}}