{"id":34834135,"date":"2010-11-29T12:18:59","date_gmt":"2010-11-29T12:18:59","guid":{"rendered":"http:\/\/fermebiodupetitsart.posterous.com\/en-cette-journee-de-larbre-le-ministre-philip"},"modified":"2015-01-10T09:28:46","modified_gmt":"2015-01-10T08:28:46","slug":"en-cette-journee-de-larbre-le-ministre-philip","status":"publish","type":"post","link":"https:\/\/fermebiodupetitsart.be\/?p=34834135","title":{"rendered":"En cette journ\u00e9e de l&rsquo;Arbre, le Ministre Philippe Henry a planter un n\u00e9frier au centre de la cour de ferme"},"content":{"rendered":"<div style=\"margin:.1pt 0;\"><b><i><span style=\"font-size:12pt;\">Le n\u00e9flier est cultiv\u00e9 comme un arbre fruitier. <\/span><\/i><\/b><span>&nbsp;<\/span>Il supporte les fortes gel\u00e9es, en dessous de &#8211; 20 \u00b0C, cependant les fruits peuvent en p\u00e2tir, et n\u00e9cessite de la chaleur pour la maturation de ses fruits.<\/div>\n<div style=\"margin:.1pt 0;\">Le n\u00e9flier se cultive g\u00e9n\u00e9ralement en demi-tige. <\/div>\n<div style=\"margin:.1pt 0;\">La r\u00e9colte des fruits intervient assez tard, g\u00e9n\u00e9ralement en octobre (cela se fait d\u00e9but Et\u00e9 dans le Sud de la France), apr\u00e8s les premi\u00e8res gel\u00e9es. Les fruits doivent \u00eatre conserv\u00e9s plusieurs semaines dans un local a\u00e9r\u00e9, jusqu&rsquo;\u00e0 l&rsquo;amollissement ou blettissement de la pulpe qui les rend consommables. Il supporte mal la taille annuelle car n&rsquo;ayant qu&rsquo;une fleur \u00e0 chaque extr\u00e9mit\u00e9 des jeunes rameaux, si vous coupez, vous perdez la r\u00e9colte sur la brindille&nbsp;; un \u00e9lagage tous les dix ans suffit.<\/div>\n<div style=\"margin:.1pt 0;\">Le <span>&nbsp;<\/span>bois de n\u00e9flier \u00e0 un grain tr\u00e8s fin et peut se polir. Il est dense et se fend peu, qualit\u00e9s qui l&rsquo;ont fait rechercher pour les manches d&rsquo;outils et de fl\u00e9aux. Au Pays basque se fabrique un b\u00e2ton de marche ornement\u00e9 appel\u00e9 <span>&nbsp;<\/span>makhila.<span>&nbsp; <\/span>Il est parfois cultiv\u00e9 comme arbre d&rsquo;ornement.<\/div>\n","protected":false},"excerpt":{"rendered":"<p>Le n\u00e9flier est cultiv\u00e9 comme un arbre fruitier. Il supporte les fortes gel\u00e9es, en dessous de &#8211; 20 C, cependant les fruits peuvent en p\u00e2tir, et n\u00e9cessite de la chaleur pour la maturation de ses fruits.Le n\u00e9flier se cultive g\u00e9n\u00e9ralement en &#8230; <a href=\"https:\/\/fermebiodupetitsart.be\/?p=34834135\">Continuer la lecture <span class=\"meta-nav\">&rarr;<\/span><\/a><\/p>\n","protected":false},"author":1,"featured_media":0,"comment_status":"closed","ping_status":"closed","sticky":false,"template":"","format":"standard","meta":{"footnotes":""},"categories":[6],"tags":[],"class_list":["post-34834135","post","type-post","status-publish","format-standard","hentry","category-uncategorized"],"_links":{"self":[{"href":"https:\/\/fermebiodupetitsart.be\/index.php?rest_route=\/wp\/v2\/posts\/34834135","targetHints":{"allow":["GET"]}}],"collection":[{"href":"https:\/\/fermebiodupetitsart.be\/index.php?rest_route=\/wp\/v2\/posts"}],"about":[{"href":"https:\/\/fermebiodupetitsart.be\/index.php?rest_route=\/wp\/v2\/types\/post"}],"author":[{"embeddable":true,"href":"https:\/\/fermebiodupetitsart.be\/index.php?rest_route=\/wp\/v2\/users\/1"}],"replies":[{"embeddable":true,"href":"https:\/\/fermebiodupetitsart.be\/index.php?rest_route=%2Fwp%2Fv2%2Fcomments&post=34834135"}],"version-history":[{"count":1,"href":"https:\/\/fermebiodupetitsart.be\/index.php?rest_route=\/wp\/v2\/posts\/34834135\/revisions"}],"predecessor-version":[{"id":176277414,"href":"https:\/\/fermebiodupetitsart.be\/index.php?rest_route=\/wp\/v2\/posts\/34834135\/revisions\/176277414"}],"wp:attachment":[{"href":"https:\/\/fermebiodupetitsart.be\/index.php?rest_route=%2Fwp%2Fv2%2Fmedia&parent=34834135"}],"wp:term":[{"taxonomy":"category","embeddable":true,"href":"https:\/\/fermebiodupetitsart.be\/index.php?rest_route=%2Fwp%2Fv2%2Fcategories&post=34834135"},{"taxonomy":"post_tag","embeddable":true,"href":"https:\/\/fermebiodupetitsart.be\/index.php?rest_route=%2Fwp%2Fv2%2Ftags&post=34834135"}],"curies":[{"name":"wp","href":"https:\/\/api.w.org\/{rel}","templated":true}]}}