{"id":34833975,"date":"2010-11-29T12:15:55","date_gmt":"2010-11-29T12:15:55","guid":{"rendered":"http:\/\/fermebiodupetitsart.posterous.com\/celebration-du-bapteme-des-vaches-limousines"},"modified":"2015-01-10T09:28:46","modified_gmt":"2015-01-10T08:28:46","slug":"celebration-du-bapteme-des-vaches-limousines","status":"publish","type":"post","link":"https:\/\/fermebiodupetitsart.be\/?p=34833975","title":{"rendered":"CELEBRATION DU BAPT\u00caME DES VACHES LIMOUSINES"},"content":{"rendered":"<div style=\"margin:.1pt 0;\"><span>(Carl Vandoorne, membre des \u201cAmis de la Ferme Bio du Petit Sart\u201d anime cette c\u00e9l\u00e9bration.) <\/span><\/div>\n<p \/>\n<p><span>Monsieur le Ministre,<\/span><\/p>\n<p><span>Madame et Monsieur les Echevins,<\/span><\/p>\n<p><span>Ch\u00e8res Amies, Chers Amis de la Ferme Bio du Petit Sart<\/span><\/p>\n<p><span><\/span><\/p>\n<p><span>Nous sommes invit\u00e9s \u2013 maintenant &#8211; \u00e0 f\u00eater <span>&nbsp;<\/span>officiellement (et par moment dans l\u2019humour) \u201cla joyeuse entr\u00e9e des vaches Limousines\u201d sur le plateau agricole du Petit Sart.<\/span><\/p>\n<p><span>Pour qu\u2019elles soient heureuses ici , notre ami Hubert \u2013 Hubert del Marmol &#8211; a fait \u00e9riger \u2013 avec l\u2019appui constant et efficace du Ministre Philippe Henry, Ministre Wallon de l\u2019Environnement, de l\u2019am\u00e9nagement du Territoire et de la Mobilit\u00e9, et de son \u00e9quipe &#8211;<span>&nbsp; <\/span>cette petite insfrastructure agricole <span>&nbsp;<\/span>pilote comprenant, outre le corps de ferme \u201cquasi passif\u201d, <span>&nbsp;<\/span>ce beau hangar. <\/span><\/p>\n<p><span>Souhaitons ensemble aux cinq toutes premi\u00e8res vaches de ce troupeau &#8211; <span>&nbsp;<\/span>Troupeau Bio qui sera appel\u00e9 \u00e0 s\u2019\u00e9toffer encore dans les mois et les ann\u00e9es qui viennent &#8211; plein de bonheur, une saine alimentation bio, <span>&nbsp;<\/span>et une longue et belle vie ici en terre braban\u00e7onne.<\/span><\/p>\n<p><span><\/span><\/p>\n<p><span>Parce qu\u2019il est impensable<span>&nbsp; <\/span>de c\u00e9l\u00e9brer un bapt\u00eame sans l\u2019engagement et le soutien des marraine et parrains,<span>&nbsp; <\/span>Hubert del Marmol second\u00e9 par nous et vous, les \u201cAmis de la Ferme Bio du Petit Sart\u201d,<span>&nbsp; <\/span>avons souhait\u00e9 ce samedi 27 novembre <b>honorer tout sp\u00e9cialement<\/b><span>&nbsp; <\/span>5 personnes, <span>&nbsp;<\/span>qui ont d\u00e9fendu, port\u00e9 ou soutenu tr\u00e8s activement ce projet agricole de reconversion bio. <\/span><\/p>\n<p><span>Un nouveau projet qui, rappelons-le, s\u2019inscrit r\u00e9solument dans les d\u00e9fis du d\u00e9veloppement durable et en faveur du d\u00e9veloppement de la bio-diversit\u00e9 ici \u00e0 Grez-Doiceau. Un projet agricole qui veut<\/span><\/p>\n<p class=\"MsoListParagraphCxSpFirst\"><span><span>&#8211;<span style=\"font:7pt Times New Roman;\">&nbsp;&nbsp;&nbsp;&nbsp;&nbsp;&nbsp; <\/span><\/span><\/span><span>rester \u201c\u00e0 taille humaine\u201d, <\/span><\/p>\n<p class=\"MsoListParagraphCxSpMiddle\"><span><span>&#8211;<span style=\"font:7pt Times New Roman;\">&nbsp;&nbsp;&nbsp;&nbsp;&nbsp;&nbsp; <\/span><\/span><\/span><span>encourager la consommation de produits sains, <\/span><\/p>\n<p class=\"MsoListParagraphCxSpMiddle\"><span><span>&#8211;<span style=\"font:7pt Times New Roman;\">&nbsp;&nbsp;&nbsp;&nbsp;&nbsp;&nbsp; <\/span><\/span><\/span><span>privil\u00e9gier les circuits courts, <\/span><\/p>\n<p class=\"MsoListParagraphCxSpLast\"><span><span>&#8211;<span style=\"font:7pt Times New Roman;\">&nbsp;&nbsp;&nbsp;&nbsp;&nbsp;&nbsp; <\/span><\/span><\/span><span>et qui ambitionne d\u2019offrir des emplois \u00e0 des personnes peu qualifi\u00e9es de notre r\u00e9gion.<\/span><\/p>\n<p><span><\/span><\/p>\n<p><span>(Courte \u201crespiration musicale\u201d dirig\u00e9e \u00e0 l\u2019accord\u00e9on par Aude et Robin LIMET)<\/span><\/p>\n<p><span><\/span><\/p>\n<p><span>5 personnalit\u00e9s sont donc appell\u00e9es a confirmer leur engagement et leur soutien \u00e0 ce projet, et par l\u00e0-m\u00eame au bonheur des 5 premi\u00e8res vaches Limousines.<\/span><\/p>\n<p><span>Monsieur le Ministre, acceptez-vous de parrainer <\/span><b><span style=\"font-size:14pt;\">Philippine<\/span><\/b><span> HENRY, n\u00e9e en terre Braban\u00e7onne, ?<\/span><\/p>\n<p><span>R\u00e9ponse : OUI, j\u2019accepte.<\/span><\/p>\n<p><span>Professeur , acceptez-vous de parrainer <\/span><b><span style=\"font-size:14pt;\">Pascaline<\/span><\/b><span> van YPERSELE, n\u00e9e en terre Braban\u00e7onne ?<\/span><\/p>\n<p><span>R\u00e9ponse : oui<\/span><\/p>\n<p><span>Patrick, mandat\u00e9e par votre \u00e9pouse Charlotte, retenue par une autre obligation, acceptez-vous de \u201cmarrainer\u201d<span>&nbsp; <\/span><\/span><b><span style=\"font-size:14pt;\">Carlota<\/span><\/b><span> de CATERS, n\u00e9e en terre braban\u00e7onne ?<\/span><\/p>\n<p><span>R\u00e9ponse : oui<\/span><\/p>\n<p><span><\/span><\/p>\n<p><span>Eric, initiateur de l\u2019Association des Amis de la Ferme bio du Petit Sart, acceptes-tu de parrainer <\/span><b><span style=\"font-size:14pt;\">Erica<\/span><\/b><span> DAMIENS, n\u00e9 en terre braban\u00e7onne ?<\/span><\/p>\n<p><span><\/span><\/p>\n<p><span>R\u00e9ponse : oui<\/span><\/p>\n<p><span><\/span><\/p>\n<p><span>Pierre, vous qui avez si bien soutenu &#8211; avec int\u00e9grit\u00e9 et pers\u00e9v\u00e9rance &#8211; ce<span>&nbsp; <\/span>projet <span>&nbsp;<\/span>pilote aupr\u00e8s de Benoit Lutgen, votre Ministre wallon de l\u2019Agriculture, acceptez-vous de parrainer<span>&nbsp; <\/span><\/span><b><span style=\"font-size:14pt;\">Pierrette<\/span><\/b><span> COLLARD, n\u00e9e en terre braban\u00e7onne ?<\/span><\/p>\n<p><span>R\u00e9ponse : oui<\/span><\/p>\n<p><span>Avant de poser les gestes du bapt\u00eame, les gestes de l\u2019accueil et de la bienveillance, <span>&nbsp;<\/span>je vous invite marraine et parrains \u00e0 \u00e9couter quelques courtes lectures qui donneront encore plus de sens \u00e0 votre engagement de cette apr\u00e8s-midi.<\/span><\/p>\n<p \/>\n<div style=\"margin:.1pt 0;\"><span style=\"font-size:12pt;\">La premi\u00e8re lecture (lue par Johan Verheyen)<span>&nbsp; <\/span>est un appel r\u00e9dig\u00e9 nagu\u00e8re par Nazim HIKMET, <span>&nbsp;<\/span><\/span><\/div>\n<p \/>\n<div style=\"margin:.1pt 0;\">(Nazim Hikmet est l&rsquo;une des plus importantes figures de la litt\u00e9rature turque<span>&nbsp; <\/span>du XXe si\u00e8cle. <span>&nbsp;<\/span>Marxiste, il fut condamn\u00e9 \u00e0 28 ans et 4 mois de prison <span class=\"needref\">pour \u00ab&nbsp;activit\u00e9s anti-nazies et anti-franquistes&nbsp;\u00bb<\/span><sup> <\/sup>Il re\u00e7ut en 1955, le Prix International de la Paix.)<\/div>\n<p \/>\n<div style=\"margin:.1pt 0;\"><b><i><span style=\"font-size:12pt;\">\u00ab&nbsp;Ne vis pas sur cette terre<\/span><\/i><\/b><\/div>\n<div style=\"margin:.1pt 0;\"><b><i><span style=\"font-size:12pt;\">\u00e0 la fa\u00e7on d\u2019un locataire<\/span><\/i><\/b><\/div>\n<div style=\"margin:.1pt 0;\"><b><i><span style=\"font-size:12pt;\">Ou bien comme en vill\u00e9giature<\/span><\/i><\/b><\/div>\n<div style=\"margin:.1pt 0;\"><b><i><span style=\"font-size:12pt;\">Dans la nature.<\/span><\/i><\/b><\/div>\n<div style=\"margin:.1pt 0;\"><b><i><span style=\"font-size:12pt;\">Vis dans ce monde<\/span><\/i><\/b><\/div>\n<div style=\"margin:.1pt 0;\"><b><i><span style=\"font-size:12pt;\">Comme si c\u2019\u00e9tait la maison de ton p\u00e8re.<\/span><\/i><\/b><\/div>\n<p \/>\n<div style=\"margin:.1pt 0;\"><b><i><span style=\"font-size:12pt;\">Crois aux grains,<\/span><\/i><\/b><\/div>\n<div style=\"margin:.1pt 0;\"><b><i><span style=\"font-size:12pt;\">A la terre, \u00e0 la mer, <\/span><\/i><\/b><\/div>\n<div style=\"margin:.1pt 0;\"><b><i><span style=\"font-size:12pt;\">Mais avant tout \u00e0<\/span><\/i><\/b><\/div>\n<div style=\"margin:.1pt 0;\"><b><i><span style=\"font-size:12pt;\">L\u2019homme.<\/span><\/i><\/b><\/div>\n<p \/>\n<div style=\"margin:.1pt 0;\"><b><i><span style=\"font-size:12pt;\">Aime le nuage, la machine, le livre.<\/span><\/i><\/b><\/div>\n<div style=\"margin:.1pt 0;\"><b><i><span style=\"font-size:12pt;\">Mais avant tout aime l\u2019homme.<br \/> Sens la tristesse<\/span><\/i><\/b><\/div>\n<div style=\"margin:.1pt 0;\"><b><i><span style=\"font-size:12pt;\">De la branche qui se dess\u00e8che<\/span><\/i><\/b><\/div>\n<div style=\"margin:.1pt 0;\"><b><i><span style=\"font-size:12pt;\">De la plan\u00e8te qui s\u2019\u00e9teint<\/span><\/i><\/b><\/div>\n<div style=\"margin:.1pt 0;\"><b><i><span style=\"font-size:12pt;\">De l\u2019animal infirme.<br \/> Mais avant tout la tristesse de l\u2019homme.<\/span><\/i><\/b><\/div>\n<div style=\"margin:.1pt 0;\"><b><i><span style=\"font-size:12pt;\">Que tous les biens terrestres<\/span><\/i><\/b><\/div>\n<div style=\"margin:.1pt 0;\"><b><i><span style=\"font-size:12pt;\">Te prodiguent la joie, Que l\u2019ombre et la clart\u00e9<\/span><\/i><\/b><\/div>\n<div style=\"margin:.1pt 0;\"><b><i><span style=\"font-size:12pt;\">Te prodiguent la joie, <\/span><\/i><\/b><\/div>\n<div style=\"margin:.1pt 0;\"><b><i><span style=\"font-size:12pt;\">Que les quatre saisons Te prodiguent la joie, <\/span><\/i><\/b><\/div>\n<div style=\"margin:.1pt 0;\"><b><i><span style=\"font-size:12pt;\">Mais avant tout que l\u2019homme<\/span><\/i><\/b><\/div>\n<div style=\"margin:.1pt 0;\"><b><i><span style=\"font-size:12pt;\">Te prodigue la joie.<\/span><\/i><\/b><\/div>\n<p \/>\n<p \/>\n<div style=\"margin:.1pt 0;\"><b><i><span style=\"font-size:12pt;\">(Respiration musicale avec le concours de Aude &nbsp;(accord\u00e9on) et Olivier LIMET (Flute)<\/span><\/i><\/b><\/div>\n<p \/>\n<p \/>\n<p \/>\n<div style=\"margin:.1pt 0;\"><span style=\"font-size:12pt;\">Poursuivons <span>&nbsp;<\/span>ensemble notre m\u00e9ditation par ses 15 r\u00e9flexions vachement interpellantes et parfois un tantinet loufoques :<\/span><\/div>\n<p \/>\n<div style=\"margin:.1pt 0;\"><span style=\"font-size:12pt;color:red;\">(Une s\u00e9lection de courtes citations sont lues <span>&nbsp;<\/span>alors \u00e0 tr\u00e8s haute voix par ami-e-s de la Ferme Bio du Petit Sart dispers\u00e9s dans l\u2019assembl\u00e9e..)<\/span><\/div>\n<p \/>\n<div><span style=\"font-size:12pt;font-family:Cambria;\"><span>&#8211;<span style=\"font:7pt Times New Roman;\">&nbsp;&nbsp;&nbsp;&nbsp;&nbsp;&nbsp; <\/span><\/span><\/span><span style=\"font-size:12pt;\">\u00ab&nbsp;<b><i>Il existe, des animaux qui ruminent, qui font \u00ab&nbsp;meu&nbsp;\u00bb et qui parfois deviennent folles&nbsp;<\/i><\/b>\u00bb &nbsp;\/\/ lu par Fabienne vdE&nbsp;<\/span><\/div>\n<p \/>\n<div><span style=\"font-size:12pt;font-family:Cambria;\"><span>&#8211;<span style=\"font:7pt Times New Roman;\">&nbsp;&nbsp;&nbsp;&nbsp;&nbsp;&nbsp; <\/span><\/span><\/span><span style=\"font-size:12pt;\">\u00ab&nbsp;<b><i>Qui vole un b\u0153uf, est vachement muscl\u00e9&nbsp;\u00bb.<\/i><\/b> Parole de CHAVAL. \/ \/lu par Thierry K.<\/span><\/div>\n<p \/>\n<div><span style=\"font-size:12pt;font-family:Cambria;\"><span>&#8211;<span style=\"font:7pt Times New Roman;\">&nbsp;&nbsp;&nbsp;&nbsp;&nbsp;&nbsp; <\/span><\/span><\/span><span style=\"font-size:12pt;\">\u00ab&nbsp;<b><i>La vache a 2 estomacs. Un pour tout de suite. Un autre pour plus tard&nbsp;\u00bb<\/i><\/b><span>&nbsp; <\/span>parole de Bernard HALLER\/ \/ &nbsp;lu par Guillermo<\/span><\/div>\n<p \/>\n<div><span style=\"font-size:12pt;font-family:Cambria;\"><span>&#8211;<span style=\"font:7pt Times New Roman;\">&nbsp;&nbsp;&nbsp;&nbsp;&nbsp;&nbsp; <\/span><\/span><\/span><b><i><span style=\"font-size:12pt;\">\u00ab&nbsp;Quand on songe au prix du bifteck, on comprend plus ais\u00e9ment pourquoi, en Inde, les vaches sont sacr\u00e9es&nbsp;\u00bb<\/span><\/i><\/b><span style=\"font-size:12pt;\"> (Anonyme)\/Fabienne de L. (H\u00e8ze)<\/span><\/div>\n<p \/>\n<div><span style=\"font-size:12pt;font-family:Cambria;\"><span>&#8211;<span style=\"font:7pt Times New Roman;\">&nbsp;&nbsp;&nbsp;&nbsp;&nbsp;&nbsp; <\/span><\/span><\/span><span style=\"font-size:12pt;\">de Pierre DAC&nbsp;: <b><i>\u00ab&nbsp;Si on donnait du caf\u00e9 aux vaches, on trairait du caf\u00e9 au lait&nbsp;\u00bb<\/i><i><span style=\"font-weight:normal;\">.\/\/&nbsp;<\/span><\/i><\/b><\/span><span style=\"font-size:16px;\">\/Thierry du B<\/span><span style=\"font-size:16px;\">&nbsp;<\/span><\/div>\n<div><span style=\"font-size:12pt;font-family:Cambria;\"><span>&#8211;<span style=\"font:7pt Times New Roman;\">&nbsp;&nbsp;&nbsp;&nbsp;&nbsp;&nbsp; <\/span><\/span><\/span><span style=\"font-size:12pt;\">\u00ab&nbsp;<b><i>Il faut accepter les coups de pied de la vache comme on accepte son lait et son beurre&nbsp;\u00bb.<\/i><\/b> Proverbe indien \/\/&nbsp;<\/span><span style=\"font-size:16px;\"><b><i><span style=\"font-weight:normal;\">u par&nbsp;<\/span><\/i><i><span style=\"font-weight:normal;\">Martine C.<\/span><\/i><\/b><\/span><span style=\"font-size:16px;\">&nbsp;<\/span><\/div>\n<div><span style=\"font-size:12pt;font-family:Cambria;\"><span>&#8211;<span style=\"font:7pt Times New Roman;\">&nbsp;&nbsp;&nbsp;&nbsp;&nbsp;&nbsp; <\/span><\/span><\/span><b><i><span style=\"font-size:12pt;\">\u00ab&nbsp;Divin est le bovin. Pourquoi la vache m\u2019\u00e9meut&nbsp;?&nbsp;\u00bb <span style=\"font-weight:normal;\">\/\/Eric L. (de &nbsp;N\u00e9then &#8211; membre de Grez-en-Transition)<\/span><\/span><\/i><\/b><\/div>\n<p \/>\n<div><span style=\"font-size:12pt;font-family:Cambria;\"><span>&#8211;<span style=\"font:7pt Times New Roman;\">&nbsp;&nbsp;&nbsp;&nbsp;&nbsp;&nbsp; <\/span><\/span><\/span><b><i><span style=\"font-size:12pt;\">\u00ab&nbsp;A quoi r\u00eave une vache lorsqu\u2019elle rumine au soleil&nbsp;?<span>&nbsp; <\/span>Quels sont ses \u00e9mois&nbsp;? Ses joies&nbsp;? et ses nostalgies&nbsp;? \u00ab&nbsp;<\/span><\/i><\/b><span style=\"font-size:12pt;\"> (Questions formul\u00e9es par Alexix BETEMPS)\/\/ Monique (Biez)<\/span><\/div>\n<p \/>\n<div><span style=\"font-size:12pt;font-family:Cambria;\"><span>&#8211;<span style=\"font:7pt Times New Roman;\">&nbsp;&nbsp;&nbsp;&nbsp;&nbsp;&nbsp; <\/span><\/span><\/span><span style=\"font-size:12pt;\">Un dicton fran\u00e7ais nous affirme que, je cite \u00ab&nbsp;<b><i>Quand les vaches sont couch\u00e9es, toute d\u2019un m\u00eame c\u00f4t\u00e9, il fera mauvais&nbsp;\u00bb \/\/<\/i><i><span style=\"font-weight:normal;\">Ga\u00e9tan . de C (Bruxelles)<\/span><\/i><\/b><\/span><\/div>\n<p \/>\n<div><span style=\"font-size:12pt;font-family:Cambria;\"><span>&#8211;<span style=\"font:7pt Times New Roman;\">&nbsp;&nbsp;&nbsp;&nbsp;&nbsp;&nbsp; <\/span><\/span><\/span><b><i><span style=\"font-size:12pt;\">\u00ab&nbsp;Le b\u0153uf n\u2019est pas particuli\u00e8rement intelligent, c\u2019est un ruminant. Ses pens\u00e9es sont nourries de foin&nbsp;\u00bb<\/span><\/i><\/b><span style=\"font-size:12pt;\"> Parole de Driss CHRA\u00cfBI. \/\/Isabelle M (de Ramillies)<\/span><\/div>\n<p \/>\n<div><span style=\"font-size:12pt;font-family:Cambria;\"><span>&#8211;<span style=\"font:7pt Times New Roman;\">&nbsp;&nbsp;&nbsp;&nbsp;&nbsp;&nbsp; <\/span><\/span><\/span><span style=\"font-size:12pt;\">Un proverbe indien nous met en garde&nbsp;: <b><i>\u00ab&nbsp;Si vous achetez une vache, assurez-vous que la queue est comprise dans le march\u00e9&nbsp;\u00bb. \/<\/i><i><span style=\"font-weight:normal;\">\/Stanislas (de Valduc)<\/span><\/i><\/b><\/span><\/div>\n<p \/>\n<div><span style=\"font-size:12pt;font-family:Cambria;\"><span>&#8211;<span style=\"font:7pt Times New Roman;\">&nbsp;&nbsp;&nbsp;&nbsp;&nbsp;&nbsp; <\/span><\/span><\/span><b><i><span style=\"font-size:12pt;\">\u00ab&nbsp;Dans sa volont\u00e9 de supprimer les interm\u00e9diaires, il cherchait le moyen de passer directement du foin au lait sans passer par la vache&nbsp;<\/span><\/i><\/b><span style=\"font-size:12pt;\">\u00bb Parole d\u2019Alphone ALLAIS.\/\/ de Anna Greta (La Hulpe)<\/span><\/div>\n<p \/>\n<div><span style=\"font-size:12pt;font-family:Cambria;\"><span>&#8211;<span style=\"font:7pt Times New Roman;\">&nbsp;&nbsp;&nbsp;&nbsp;&nbsp;&nbsp; <\/span><\/span><\/span><span style=\"font-size:12pt;\">Question de Philippe BOUVARD&nbsp;<b><i>: \u00ab&nbsp;Combien faut-il de traites de la vache pour payer la traite du tracteur&nbsp;?&nbsp;\u00bb \/\/Dominique B <\/i><i><span style=\"font-weight:normal;\">(agriculteur \u00e0 Pi\u00e9trebais)<\/span><\/i><\/b><\/span><\/div>\n<p \/>\n<div><span style=\"font-size:12pt;font-family:Cambria;\"><span>&#8211;<span style=\"font:7pt Times New Roman;\">&nbsp;&nbsp;&nbsp;&nbsp;&nbsp;&nbsp; <\/span><\/span><\/span><b><i><span style=\"font-size:12pt;\">\u00ab&nbsp;Nous en avons<span>&nbsp; <\/span>ASSEZ de manger de la VACHE ENRAGEE avec comme seule perspective l\u2019espoir de go\u00fbter au veau d\u2019or&nbsp;\u00bb <\/span><\/i><\/b><span style=\"font-size:12pt;\"><span>&nbsp;<\/span>Slogan inscrit sur un mur en Mai 68 \/\/Dani\u00e8le B. (Cocrou)<\/span><\/div>\n<p \/>\n<div><span style=\"font-size:12pt;font-family:Cambria;\"><span>&#8211;<span style=\"font:7pt Times New Roman;\">&nbsp;&nbsp;&nbsp;&nbsp;&nbsp;&nbsp; <\/span><\/span><\/span><span style=\"font-size:12pt;\">Un proverbe arabe nous dit sagement&nbsp;: <b><i>\u00ab&nbsp;Il faut flatter la vache, avant de la traire&nbsp;\u00bb \/\/ <\/i><i><span style=\"font-weight:normal;\">Bernard D. (Ottignies)<\/span><\/i><\/b><\/span><\/div>\n<p \/>\n<div><span style=\"font-size:12pt;font-family:Cambria;\"><span>&#8211;<span style=\"font:7pt Times New Roman;\">&nbsp;&nbsp;&nbsp;&nbsp;&nbsp;&nbsp; <\/span><\/span><\/span><b><i><span style=\"font-size:12pt;\">\u00ab&nbsp;Ce n\u2019est pas une vache qui beugle le plus fort qui a le plus de lait&nbsp;\u00bb<\/span><\/i><\/b><span style=\"font-size:12pt;\"> (Proverbe Ga\u00e9lique) \/\/ Dominique C. (Mal\u00e8ves)<\/span><\/div>\n<p \/>\n<div><span style=\"font-size:12pt;font-family:Cambria;\"><span>&#8211;<span style=\"font:7pt Times New Roman;\">&nbsp;&nbsp;&nbsp;&nbsp;&nbsp;&nbsp; <\/span><\/span><\/span><b><i><span style=\"font-size:12pt;\">\u00ab&nbsp;La bouse de la vache est plus utile que les dogmes&nbsp;: on peut en faire de l\u2019engrais&nbsp;\u00bb (Mao Ts\u00e9 Toung) <span style=\"font-weight:normal;\">\/\/ Dhin &nbsp;N. (de Jette)<\/span><\/span><\/i><\/b><\/div>\n<p \/>\n<p \/>\n<div style=\"margin:.1pt 0;\"><span style=\"font-size:12pt;\">Figure embl\u00e9matique du bestiaire braba\u00e7on, la vache \u2013 la vache limousine \u2013 est \u00e0 l\u2019honneur ce samedi apr\u00e8s-midi.<\/span><\/div>\n<p \/>\n<div style=\"margin:.1pt 0;\"><span style=\"font-size:12pt;\">Un animal que l\u2019on peut aussi honorer en chantant ENSEMBLE&nbsp;:<\/span><\/div>\n<p \/>\n<p \/>\n<p \/>\n<div style=\"margin:.1pt 0;\"><b><i><span style=\"font-size:12pt;\">AAAA&#8230;<\/span><\/i><\/b><\/div>\n<p \/>\n<div style=\"margin:.1pt 0;\"><b><i><span style=\"font-size:12pt;\">As-tu vu la vache, la vache aux yeux bleus ?<br \/> Toujours \u00e0 la t\u00e2che, elle faisait \u00abMeuh ! meuh !\u00bb<br \/> Avec sa p&rsquo;tite queue nature termin\u00e9e par un plumet,<br \/> Elle battait la mesure, pendant qu&rsquo;les oiseaux chantaient.<\/p>\n<p \/>  Tous les boeufs, tous les boeufs<br \/> Tous les boeufs aimaient la vache.<br \/> Mais la vache, mais la vache<br \/> N&rsquo;en aimait aucun d&rsquo;eux.<\/p>\n<p \/>  Elle aimait un taureau, Ol\u00e9 !<br \/> Qu&rsquo;elle avait vu \u00e0 Bilbao.<br \/> A la foire aux bestiaux.<br \/> Qu&rsquo;il \u00e9tait fort, qu&rsquo;il \u00e9tait beau !<br \/> C&rsquo;\u00e9tait un vrai taureau costaud, Ol\u00e9 !<\/span><\/i><\/b><\/div>\n<p \/>\n<p \/>\n<div style=\"margin:.1pt 0;\"><span style=\"font-size:12pt;\">Oui aux vaches.<\/span><\/div>\n<div style=\"margin:.1pt 0;\"><span style=\"font-size:12pt;\">Bienvenues aux premi\u00e8res vaches Limousine<\/span><\/div>\n<p \/>\n<div style=\"margin:.1pt 0;\"><span style=\"font-size:12pt;\">Vous les pensiez stupides&nbsp;?<span>&nbsp; <\/span>Juste bonnes \u00e0 \u00eatre mang\u00e9es&nbsp;? Ou \u00e0 mettre bas de petits taureaux&nbsp;?<span>&nbsp; <\/span>Monsieur le Ministre, Madame et Messieurs les Echevins, chers voisins, chers amis&nbsp;: vous aviez tort.<\/span><\/div>\n<p \/>\n<div style=\"margin:.1pt 0;\"><b><span style=\"font-size:12pt;\">Philippine (nom de famille HENRY)&nbsp;<\/span><\/b><span style=\"font-size:12pt;\">: ressemblera probablement fin de l\u2019ann\u00e9e 2011 \u00e0 un ballon de football, tant elle sera ronde quand Thierry, (O\u00f9 es Thierry) KREMER&nbsp;? le taureau Limousin attendu (et parrain\u00e9 par Thierry Kremer), l\u2019aura honor\u00e9e.<\/span><\/div>\n<p \/>\n<div style=\"margin:.1pt 0;\"><b><span style=\"font-size:12pt;\">Pascaline <\/span><\/b><span style=\"font-size:12pt;\">(famili\u00e8rement appel\u00e9e aussi <b>van Yp<\/b>) \u00e0 l\u2019air romantique et bizarrement <\/span><\/div>\n<div style=\"margin:.1pt 0;\"><span style=\"font-size:12pt;\">toujours tr\u00e8s pr\u00e9occup\u00e9e du climat qu\u2019il fera demain&nbsp;!<\/span><\/div>\n<p \/>\n<div style=\"margin:.1pt 0;\"><b><span style=\"font-size:12pt;\">Carlota<\/span><\/b><span style=\"font-size:12pt;\"> , c\u2019est manifeste,<span>&nbsp; <\/span>est pr\u00e9occup\u00e9e par le bien-\u00eatre de ses consoeurs. <\/span><\/div>\n<p \/>\n<div style=\"margin:.1pt 0;\"><span style=\"font-size:12pt;\">Si <b>Erica<\/b> est mystique, elle incarne la sagesse et la bont\u00e9.<\/span><\/div>\n<p \/>\n<div style=\"margin:.1pt 0;\"><b><span style=\"font-size:12pt;\">Pierrette<\/span><\/b><span style=\"font-size:12pt;\"> \u00e0 l\u2019air<span>&nbsp; <\/span>vachement coquette.<\/span><\/div>\n<p \/>\n<p \/>\n<div style=\"margin:.1pt 0;\"><span style=\"font-size:12pt;\">Chers parrains et<span>&nbsp; <\/span>repr\u00e9sentant de la marraine, c\u2019est<span>&nbsp; <\/span>le moment. Le moment de poser le geste.<\/span><\/div>\n<div style=\"margin:.1pt 0;\"><span style=\"font-size:12pt;\">Le juste geste d\u2019accueil en faveur de votre filleule.<\/span><\/div>\n<p \/>\n<div style=\"margin:.1pt 0;\"><span style=\"font-size:12pt;\">Nous vous donnons <\/span><b><span style=\"font-size:14pt;\">librement la parole <\/span><\/b><span style=\"font-size:12pt;\">(maximum 2 minutes) et <\/span><b><span style=\"font-size:14pt;\">le choix du geste symbolique<\/span><\/b><span style=\"font-size:12pt;\"> \u00e0 poser publiquement vis \u00e0 vis de votre vache Limousine.<\/span><\/div>\n<p \/>\n<div style=\"margin:.1pt 0;\"><span style=\"font-size:12pt;\">Nous avons pr\u00e9vu \u00e0 votre attention plusieurs possibilit\u00e9s<span>&nbsp; <\/span>\u00e0 votre meilleure convenance. Pour autant qu\u2019il soit \u00ab&nbsp;porteur de sens&nbsp;\u00bb. <\/span><\/div>\n<p \/>\n<div style=\"margin:.1pt 0;\"><span style=\"font-size:12pt;\">Vous trouverez ici \u00e0 votre disposition&nbsp; pour \u00ab&nbsp;parrainer&nbsp;\u00bb votre Limousine:<\/span><\/div>\n<div><span style=\"font-size:12pt;font-family:Cambria;\"><span>&#8211;<span style=\"font:7pt Times New Roman;\">&nbsp;&nbsp;&nbsp;&nbsp;&nbsp;&nbsp; <\/span><\/span><\/span><span style=\"font-size:12pt;\">des grains en reconversion bio issu de la derni\u00e8re r\u00e9colte d\u2019Hubert del Marmol<\/span><\/div>\n<div><span style=\"font-size:12pt;font-family:Cambria;\"><span>&#8211;<span style=\"font:7pt Times New Roman;\">&nbsp;&nbsp;&nbsp;&nbsp;&nbsp;&nbsp; <\/span><\/span><\/span><span style=\"font-size:12pt;\">de l\u2019eau,<\/span><\/div>\n<div><span style=\"font-size:12pt;font-family:Cambria;\"><span>&#8211;<span style=\"font:7pt Times New Roman;\">&nbsp;&nbsp;&nbsp;&nbsp;&nbsp;&nbsp; <\/span><\/span><\/span><span style=\"font-size:12pt;\">des b\u00e2tons d\u2019encens<\/span><\/div>\n<div><span style=\"font-size:12pt;font-family:Cambria;\"><span>&#8211;<span style=\"font:7pt Times New Roman;\">&nbsp;&nbsp;&nbsp;&nbsp;&nbsp;&nbsp; <\/span><\/span><\/span><span style=\"font-size:12pt;\">de l\u2019huile bio<\/span><\/div>\n<div><span style=\"font-size:12pt;font-family:Cambria;\"><span>&#8211;<span style=\"font:7pt Times New Roman;\">&nbsp;&nbsp;&nbsp;&nbsp;&nbsp;&nbsp; <\/span><\/span><\/span><span style=\"font-size:12pt;\">une cloche<\/span><\/div>\n<div><span style=\"font-size:12pt;font-family:Cambria;\"><span>&#8211;<span style=\"font:7pt Times New Roman;\">&nbsp;&nbsp;&nbsp;&nbsp;&nbsp;&nbsp; <\/span><\/span><\/span><span style=\"font-size:12pt;\">du lait bio<\/span><\/div>\n<div><span style=\"font-size:12pt;font-family:Cambria;\"><span>&#8211;<span style=\"font:7pt Times New Roman;\">&nbsp;&nbsp;&nbsp;&nbsp;&nbsp;&nbsp; <\/span><\/span><\/span><span style=\"font-size:12pt;\">le b\u00e2ton du guide<\/span><\/div>\n<div><span style=\"font-size:12pt;font-family:Cambria;\"><span>&#8211;<span style=\"font:7pt Times New Roman;\">&nbsp;&nbsp;&nbsp;&nbsp;&nbsp;&nbsp; <\/span><\/span><\/span><span style=\"font-size:12pt;\"><\/span><\/div>\n<div><span style=\"font-size:12pt;font-family:Cambria;\"><span>&#8211;<span style=\"font:7pt Times New Roman;\">&nbsp;&nbsp; &nbsp;<\/span><\/span><\/span><\/div>\n","protected":false},"excerpt":{"rendered":"<p>(Carl Vandoorne, membre des \u201cAmis de la Ferme Bio du Petit Sart\u201d anime cette c\u00e9l\u00e9bration.) Monsieur le Ministre,Madame et Monsieur les Echevins,Ch\u00e8res Amies, Chers Amis de la Ferme Bio du Petit SartNous sommes invit\u00e9s \u2013 maintenant &#8211;   f&#8230; <a href=\"https:\/\/fermebiodupetitsart.be\/?p=34833975\">Continuer la lecture <span class=\"meta-nav\">&rarr;<\/span><\/a><\/p>\n","protected":false},"author":1,"featured_media":0,"comment_status":"closed","ping_status":"closed","sticky":false,"template":"","format":"standard","meta":{"footnotes":""},"categories":[6],"tags":[],"class_list":["post-34833975","post","type-post","status-publish","format-standard","hentry","category-uncategorized"],"_links":{"self":[{"href":"https:\/\/fermebiodupetitsart.be\/index.php?rest_route=\/wp\/v2\/posts\/34833975","targetHints":{"allow":["GET"]}}],"collection":[{"href":"https:\/\/fermebiodupetitsart.be\/index.php?rest_route=\/wp\/v2\/posts"}],"about":[{"href":"https:\/\/fermebiodupetitsart.be\/index.php?rest_route=\/wp\/v2\/types\/post"}],"author":[{"embeddable":true,"href":"https:\/\/fermebiodupetitsart.be\/index.php?rest_route=\/wp\/v2\/users\/1"}],"replies":[{"embeddable":true,"href":"https:\/\/fermebiodupetitsart.be\/index.php?rest_route=%2Fwp%2Fv2%2Fcomments&post=34833975"}],"version-history":[{"count":1,"href":"https:\/\/fermebiodupetitsart.be\/index.php?rest_route=\/wp\/v2\/posts\/34833975\/revisions"}],"predecessor-version":[{"id":176277415,"href":"https:\/\/fermebiodupetitsart.be\/index.php?rest_route=\/wp\/v2\/posts\/34833975\/revisions\/176277415"}],"wp:attachment":[{"href":"https:\/\/fermebiodupetitsart.be\/index.php?rest_route=%2Fwp%2Fv2%2Fmedia&parent=34833975"}],"wp:term":[{"taxonomy":"category","embeddable":true,"href":"https:\/\/fermebiodupetitsart.be\/index.php?rest_route=%2Fwp%2Fv2%2Fcategories&post=34833975"},{"taxonomy":"post_tag","embeddable":true,"href":"https:\/\/fermebiodupetitsart.be\/index.php?rest_route=%2Fwp%2Fv2%2Ftags&post=34833975"}],"curies":[{"name":"wp","href":"https:\/\/api.w.org\/{rel}","templated":true}]}}