{"id":34831310,"date":"2010-11-29T11:36:20","date_gmt":"2010-11-29T11:36:20","guid":{"rendered":"http:\/\/fermebiodupetitsart.posterous.com\/message-daccueil-prononce-par-hubert-del-marm"},"modified":"2015-01-10T09:28:46","modified_gmt":"2015-01-10T08:28:46","slug":"message-daccueil-prononce-par-hubert-del-marm","status":"publish","type":"post","link":"https:\/\/fermebiodupetitsart.be\/?p=34831310","title":{"rendered":"Message d&rsquo;accueil prononc\u00e9 par Hubert del Marmol \u00e0 l&rsquo;occasion de l&rsquo;inauguration et du bapt\u00eame de ses premi\u00e8res vaches Limousines"},"content":{"rendered":"\n<div>\n<p><span>Monsieur le Ministre,<\/span><\/p>\n<p><\/p>\n<p><span>Mesdames les d\u00e9put\u00e9es,<\/span><\/p>\n<p><span>Madame et Messieurs les Echevins<\/span><\/p>\n<p><span>Chers voisins,<span>&nbsp;&nbsp; <\/span>Chers amis de la Ferme Bio du Petit Sart,,<\/span><\/p>\n<p><span><\/span><\/p>\n<\/div>\n<div class=\"Section2\">\n<p><span>Vous ne pouvez imaginer l\u2019intensit\u00e9 de ma joie !<\/span><\/p>\n<p><span>Joie de vous accueillir, ici au coeur de mon exploitation bio.<\/span><\/p>\n<p><span>Joie de vous voir ici pr\u00e9sents \u00e0 mes c\u00f4t\u00e9s pour baptiser les premi\u00e8res vaches de mon troupeau.<\/span><\/p>\n<p><span>C\u2019est qu\u2019il a fallu mobiliser beaucoup d\u2019\u00e9nergie, gagner le soutien et la conniveance d\u2019amis<span>&nbsp; <\/span>et de voisins pour atteindre cet objectif de reconverion de mes terres en cultures biologiques et pouvoir implanter ici, sur le Plateau du Petit Sart le hangar et mon futur corps de logis.<\/span><\/p>\n<p><span>Aujourd\u2019hui, le temps est venu de f\u00eater<span>&nbsp; <\/span>toutes ces \u00e9tapes parcourues.<\/span><\/p>\n<p><span>Puis-je vous avouer qu\u2019aujourd\u2019hui,<span>&nbsp; <\/span>vu les \u00e9preuves que j\u2019ai d\u00fb affronter, je connais mieux le fonctionnement politique local, r\u00e9gional, f\u00e9d\u00e9ral<span>&nbsp; <\/span>administratif et judiciaire de notre Royaume. <\/span><\/p>\n<p><span>Je voudrais placer cet apr\u00e8s-midi sous le signe de la reconnaissance et vous remercier toutes et tous pour les multiples formes de soutien que vous m\u2019avez offert pour concr\u00e9tiser ce r\u00eave, cette reconversion professionnelle,<span>&nbsp; <\/span>qui m\u2019habite depuis 6 ans.<\/span><\/p>\n<p><span>Mes remerciements irons d\u2019abord vers <b>mes Parents<\/b>, qui m\u2019ont fait cadeau d\u2019un<span>&nbsp; <\/span>morceau de plan\u00e8te \u00e0 cultiver. Ce cadeau est rapidement apparu pour moi aussi comme une responsabilit\u00e9 au moment o\u00f9 l\u2019on appelle tous les citoyens de Belgique et du Monde a contribuer au d\u00e9veloppement durable, \u00e0 favoriser la biodiversit\u00e9. <\/span><\/p>\n<p><span>Dans cette prise de conscience environnementale, j\u2019ai \u00e9t\u00e9 interpel\u00e9 et soutenu par nombres d\u2019amis. Parmi eux, je voudrais rendre hommage \u00e0 <b>Odile Vandoorne,<\/b><span>&nbsp;&nbsp; <\/span>(fille de Carl, Soeur de Vincent et Quentin) Odile qui nous a quitt\u00e9e bien trop vite, et qui m\u2019a si bien soutenue dans la r\u00e9flexion et la concr\u00e9tisation de cette reconversion agricole.<span>&nbsp; <\/span>Je voudrais saluer la pr\u00e9sence ici de <b>Rafa\u00ebl Solans<\/b>, un ami qui nous vient de loin, d\u2019Ambazac (ravissante commune proche de Limoges). Sp\u00e9cialiste des<span>&nbsp; <\/span>questions environnementale, c\u2019est Rafa\u00ebl et son \u00e9pouse Pascale qui m\u2019ont notamment vant\u00e9 toutes les qualit\u00e9s des vaches Limousines.<\/span><\/p>\n<p><span>Je souhaite <span>&nbsp;<\/span>vivement remercier les<span>&nbsp; <\/span>pionniers du <b>Collectif les \u201cAmis de la Ferme Bio du Petit Sart\u201d.<\/b> Vous aurez l\u2019occasion de les entendre \u2013 reconna\u00eetre &#8211; cet apr\u00e8s-midi.<\/span><\/p>\n<p><span>Un merci tout particulier \u00e0 Carl, Eric, Alex, Pierre, Jean-Pascal, Carine, Thomas, Charlotte, \u2026<\/span><\/p>\n<p><span>Merci \u00e0 <b>Monsieur Philippe Henry, Ministre de l\u2019Environnement, de l\u2019Am\u00e9nagement du Territoire et de la Mobilit\u00e9<\/b>,<span>&nbsp; <\/span>&#8211; il va nous rejoindre dans quelques minutes &#8211; <span>&nbsp;<\/span>C\u2019est lui et ses conseillers qui a, (qui ont) litt\u00e9rallement permis la r\u00e9alisation de cette petite ferme bio. Un<span>&nbsp; <\/span>projet qui va accro\u00eetre la biodiversit\u00e9 sur ce magnifique plateau braban\u00e7on. Un projet agricole qui pr\u00e9vil\u00e9giera les circuits court de distribution. Proposant aux habiatants de notre province de la viande persil\u00e9e de qualit\u00e9 et des l\u00e9gumes plus sains, exempt de tous pesticides et engrais de synth\u00e8se. Un projet qui va permettre de donner du travail \u00e0 des personnes peu qualifi\u00e9es<span>&nbsp; <\/span>habitant \u00e0 proximit\u00e9 de la ferme. <\/span><\/p>\n<p><span>Au nom des Amis de la Ferme Bio du Petit Sart,<span>&nbsp; <\/span><b>Eric Damiens<\/b> vous d\u00e9taillera les autres projets \u00e0 court, moyen et long terme.<\/span><\/p>\n<p><span><\/span><\/p>\n<p><span>Je voudrais rapidement saluer toutes les entreprises et la vingtaine de travailleurs (ma\u00e7ons, couvreurs, menuisiers, plombier, \u00e9lectriciens,\u2026) qui en un temps record<span>&nbsp; <\/span>&#8211; en 65 jours ouvrables &#8211; ont assur\u00e9 avec soin et grande comp\u00e9tence<span>&nbsp; <\/span>l\u2019\u00e9dification de ce hangar et la construction du gros oeuvre de ce corps de logis.<span>&nbsp; <\/span>Chaque fois que c\u2019\u00e9tait financi\u00e8rement possible, j\u2019ai tenu \u00e0 privil\u00e9gier des entreprises de la r\u00e9gion. Ici encore dans le soucis de limiter l\u2019impact<span>&nbsp; <\/span>notre \u201cempreinte \u00e9nerg\u00e9tique\u201d.<span>&nbsp;&nbsp; <\/span>Merci \u00e0 Monsieur <b>Robert Vandenbosch et son \u00e9quipe,<\/b> merci et reconnaissance aux 2 architectes de l\u2019Atelier <span>&nbsp;<\/span>d\u2019Architecture et d\u2019Urbanisme de Mal\u00e8ves (<b>Etienne Cornet d\u2019Elziut et C\u00e9dric Tercelin de Joigny<\/b>)<span>&nbsp; <\/span>qui ont con\u00e7u cette maison basse \u00e9nergie \u2013 quasi passive &#8211; .<\/span><\/p>\n<p><span>Une derni\u00e8re chose pour terminer : Cette ferme Bio, je l\u2019ai voulue spacieuse. Essentiellement pour <span>&nbsp;<\/span>pouvoir vous y accueillir. Pour vous permettre si n\u00e9cessaire de venir vous reposer seul, en couple ou en famille. Pour vous ressourcer. Reprendre de l\u2019\u00e9nergie. Profiter des splendides chemins et de la qui\u00e9tude qu\u2019offre ce plateau du Petit Sart.<\/span><\/p>\n<p><span><\/span><\/p>\n<p><span>Mesdames, Monsieurs, <span>&nbsp;<\/span>Chers Amis,<\/span><\/p>\n<p><span>Vous ne pouvez imaginer l\u2019intensit\u00e9 de ma joie !<\/span><\/p>\n<p><span>Joie de vous accueillir, ici au coeur de mon exploitation bio.<\/span><\/p>\n<p><span>Votre pr\u00e9sence nombreuse \u00e0 l\u2019occasion du<span>&nbsp; <\/span>bapt\u00eame des 5 premi\u00e8res vaches de mon troupeau<span>&nbsp; <\/span>me comble de joie.<span>&nbsp; <\/span>Bonne apr\u00e8s-Midi.<\/span><\/p>\n<p><span><\/span><\/p>\n<p><span>Hubert del Marmol,<span>&nbsp;&nbsp;&nbsp; <\/span>ce 27 novembre 2010<\/span><\/p>\n<\/p><\/div>\n","protected":false},"excerpt":{"rendered":"<p>Monsieur le Ministre,Mesdames les d\u00e9put\u00e9es,Madame et Messieurs les EchevinsChers voisins, Chers amis de la Ferme Bio du Petit Sart,, Vous ne pouvez imaginer l\u2019intensit\u00e9 de ma joie !Joie de vous accueillir, ici au coeur de mon exploitation bio&#8230; <a href=\"https:\/\/fermebiodupetitsart.be\/?p=34831310\">Continuer la lecture <span class=\"meta-nav\">&rarr;<\/span><\/a><\/p>\n","protected":false},"author":1,"featured_media":0,"comment_status":"closed","ping_status":"closed","sticky":false,"template":"","format":"standard","meta":{"footnotes":""},"categories":[6],"tags":[],"class_list":["post-34831310","post","type-post","status-publish","format-standard","hentry","category-uncategorized"],"_links":{"self":[{"href":"https:\/\/fermebiodupetitsart.be\/index.php?rest_route=\/wp\/v2\/posts\/34831310","targetHints":{"allow":["GET"]}}],"collection":[{"href":"https:\/\/fermebiodupetitsart.be\/index.php?rest_route=\/wp\/v2\/posts"}],"about":[{"href":"https:\/\/fermebiodupetitsart.be\/index.php?rest_route=\/wp\/v2\/types\/post"}],"author":[{"embeddable":true,"href":"https:\/\/fermebiodupetitsart.be\/index.php?rest_route=\/wp\/v2\/users\/1"}],"replies":[{"embeddable":true,"href":"https:\/\/fermebiodupetitsart.be\/index.php?rest_route=%2Fwp%2Fv2%2Fcomments&post=34831310"}],"version-history":[{"count":1,"href":"https:\/\/fermebiodupetitsart.be\/index.php?rest_route=\/wp\/v2\/posts\/34831310\/revisions"}],"predecessor-version":[{"id":176277416,"href":"https:\/\/fermebiodupetitsart.be\/index.php?rest_route=\/wp\/v2\/posts\/34831310\/revisions\/176277416"}],"wp:attachment":[{"href":"https:\/\/fermebiodupetitsart.be\/index.php?rest_route=%2Fwp%2Fv2%2Fmedia&parent=34831310"}],"wp:term":[{"taxonomy":"category","embeddable":true,"href":"https:\/\/fermebiodupetitsart.be\/index.php?rest_route=%2Fwp%2Fv2%2Fcategories&post=34831310"},{"taxonomy":"post_tag","embeddable":true,"href":"https:\/\/fermebiodupetitsart.be\/index.php?rest_route=%2Fwp%2Fv2%2Ftags&post=34831310"}],"curies":[{"name":"wp","href":"https:\/\/api.w.org\/{rel}","templated":true}]}}