{"id":34781263,"date":"2010-11-28T21:41:46","date_gmt":"2010-11-28T21:41:46","guid":{"rendered":"http:\/\/fermebiodupetitsart.posterous.com\/une-vrai-limousine-pour-le-ministre-philippe"},"modified":"2015-01-10T09:28:46","modified_gmt":"2015-01-10T08:28:46","slug":"une-vrai-limousine-pour-le-ministre-philippe","status":"publish","type":"post","link":"https:\/\/fermebiodupetitsart.be\/?p=34781263","title":{"rendered":"Une vrai limousine pour le Ministre Philippe Henry et le Prof. Jean-Pascal Van Ypersele !"},"content":{"rendered":"<blockquote>\n<div>\n<div>\n<blockquote>\n<div>\n<div>\n<blockquote>\n<div>\n<blockquote>\n<div>\n<p><span style=\"font-size:21px;\"><br \/><\/span><\/p>\n<p><span style=\"font-size:14pt;font-family:Times New Roman;\">A l\u2019invitation de Hubert del Marmol, cultivateur agro-biologique, et de pr\u00e8s de 200 &nbsp;amis et voisins &nbsp;rejoindront ce samedi 27 novembre \u00e0 14 heures, la toute nouvelle ferme bio du Petit Sart \u00e0 Grez-Doiceau pour participer activement \u00e0 une c\u00e9l\u00e9bration bien originale : le bapt\u00eame des cinq premi\u00e8res vaches d\u2019un troupeau de Limousines. Chacune de ces vaches sera parrain\u00e9e par une personnalit\u00e9 qui soutient activement ce projet en faveur de la biodiversit\u00e9.<\/span><\/p>\n<p><span style=\"font-size:14pt;font-family:Times New Roman;\">Ainsi notamment, le Ministre Philippe Henry parrainera sa vache bio qui porte de joli pr\u00e9nom de &#8230; Philippine. Tandis que le professeur de l\u2019UCL et vice \u2013Pr\u00e9sident du G.I.E.C., Jean-Pascal van Ypersele \u2013 baptisera son ruminant r\u00e9pondant au doux pr\u00e9nom de \u2026 Pascaline, &nbsp;et cela juste avant de s\u2019envoler pour participer \u00e0 la Conf\u00e9rence Mondiale pour le Climat \u00e0 Cancun (Mexique ) !<\/span><\/p>\n<p><span style=\"font-size:14pt;font-family:Times New Roman;\">En cette Journ\u00e9e de l\u2019Arbre, l\u2019apr\u00e8s-midi d\u00e9butera par la plantation d\u2019un n\u00e9flier par le Ministre Wallon de l\u2019Environnement au centre de la future cour de ferme. Il sera entour\u00e9 par &nbsp;pr\u00e8s de 200 citoyens, formant une cha\u00eene humaine.<\/span><\/p>\n<p><span style=\"font-size:14pt;font-family:Times New Roman;\">L\u2019Europe s\u2019est fix\u00e9e comme objectif d\u2019atteindre d\u2019ici 2020, la reconversion en culture biologique d\u2019au moins 20% des terres agricoles. En participant \u00e0 cet \u00e9v\u00e9nement, le Ministre Ecolo de l\u2019Environnement, de l\u2019Am\u00e9nagement du Territoire confirme son soutien politique \u00e0 la construction d\u2019une petite exploitation agricole bio mod\u00e8le (de type &nbsp;\u201cbasse \u00e9nergie\u201d). Une nouvelle construction et une reconversion bio exemplaire, avec des d\u00e9veloppements pr\u00e9vus notamment dans des projets p\u00e9dagogiques, qui s\u2019inscrit bien dans les enjeux du d\u00e9veloppement durable et de la promotion d\u2019une alimentation plus saine, exempte de tous produits chimiques ou de synth\u00e8se.<\/span><\/p>\n<p><span style=\"font-size:14pt;font-family:Times New Roman;\">Inform\u00e9s du projet pilote et des objectifs de la Ferme Bio du Petit Sart, \u00e0 l&rsquo;unisson, des leaders &nbsp;de quatre partis politiques d\u00e9mocratiques ont manifest\u00e9 explicitement leur soutien. Citons notamment le Ministre de l&rsquo;Agriculture Beno\u00eet Lutgen (Cdh), Le Pr\u00e9sident de la Chambre des D\u00e9put\u00e9s, Andr\u00e9 Flahaut (PS), le Ministre de la Coop\u00e9ration au d\u00e9veloppement, Charles Michel (MR) et le Co-Pr\u00e9sident d&rsquo;Ecolo, Jean-Michel Javeau.<\/span><\/p>\n<p><span style=\"font-size:14pt;font-family:Times New Roman;\">Le &nbsp;hangar agricole et le corps de logis de la ferme (650 m\u00e8tres carr\u00e9s) ont \u00e9t\u00e9 construits en 65 jours principalement par des entreprises du Brabant-Wallon et de Wallonie. L&rsquo;habitation totalement bard\u00e9e de m\u00e9l\u00e8ze est de type \u00ab\u00a0basse \u00e9nergie\u00a0\u00bb r\u00e9pond aux normes \u00e9nerg\u00e9tiques K25 (triple vitrage, panneaux solaires, r\u00e9cup\u00e9ration des eaux de pluies, chaudi\u00e8re \u00e0 buches)<\/span><span style=\"font-size:14pt;font-family:Helvetica;\"><\/span><\/p>\n<p><span style=\"font-size:14pt;font-family:Times New Roman;\"><\/span><\/p>\n<p><span style=\"font-size:14pt;font-family:Times New Roman;\">&nbsp;<\/span><\/p>\n<p><b><span style=\"font-size:16pt;font-family:Times New Roman;\">Adresse du jour<\/span><\/b><span style=\"font-size:16pt;font-family:Times New Roman;\">&nbsp;: Ferme Bio du Petit Sart, c\/o Hubert del Marmol,&nbsp; rue du Petit Sart, 75 \u2013 B-1390 Grez-Doiceau.&nbsp;<a href=\"mailto:Hubertdelmarmol@gmail.com\"><span style=\"color:windowtext;text-decoration:none;\"><a href=\"mailto:hubertdelmarmol@gmail.com\">hubertdelmarmol@gmail.com<\/a><\/span><\/a>&nbsp; (GSM : 0495-64 56 16)<\/span><\/p>\n<\/div>\n<\/blockquote>\n<\/div>\n<\/blockquote>\n<\/div>\n<\/div>\n<\/blockquote>\n<\/div>\n<\/div>\n<\/blockquote>\n","protected":false},"excerpt":{"rendered":"<p>A l\u2019invitation de Hubert del Marmol, cultivateur agro-biologique, et de pr\u00e8s de 200 amis et voisins rejoindront ce samedi 27 novembre   14 heures, la toute nouvelle ferme bio du Petit Sart   Grez-Doiceau pour participer activement   une c\u00e9l&#8230; <a href=\"https:\/\/fermebiodupetitsart.be\/?p=34781263\">Continuer la lecture <span class=\"meta-nav\">&rarr;<\/span><\/a><\/p>\n","protected":false},"author":1,"featured_media":0,"comment_status":"closed","ping_status":"closed","sticky":false,"template":"","format":"standard","meta":{"footnotes":""},"categories":[6],"tags":[],"class_list":["post-34781263","post","type-post","status-publish","format-standard","hentry","category-uncategorized"],"_links":{"self":[{"href":"https:\/\/fermebiodupetitsart.be\/index.php?rest_route=\/wp\/v2\/posts\/34781263","targetHints":{"allow":["GET"]}}],"collection":[{"href":"https:\/\/fermebiodupetitsart.be\/index.php?rest_route=\/wp\/v2\/posts"}],"about":[{"href":"https:\/\/fermebiodupetitsart.be\/index.php?rest_route=\/wp\/v2\/types\/post"}],"author":[{"embeddable":true,"href":"https:\/\/fermebiodupetitsart.be\/index.php?rest_route=\/wp\/v2\/users\/1"}],"replies":[{"embeddable":true,"href":"https:\/\/fermebiodupetitsart.be\/index.php?rest_route=%2Fwp%2Fv2%2Fcomments&post=34781263"}],"version-history":[{"count":1,"href":"https:\/\/fermebiodupetitsart.be\/index.php?rest_route=\/wp\/v2\/posts\/34781263\/revisions"}],"predecessor-version":[{"id":176277417,"href":"https:\/\/fermebiodupetitsart.be\/index.php?rest_route=\/wp\/v2\/posts\/34781263\/revisions\/176277417"}],"wp:attachment":[{"href":"https:\/\/fermebiodupetitsart.be\/index.php?rest_route=%2Fwp%2Fv2%2Fmedia&parent=34781263"}],"wp:term":[{"taxonomy":"category","embeddable":true,"href":"https:\/\/fermebiodupetitsart.be\/index.php?rest_route=%2Fwp%2Fv2%2Fcategories&post=34781263"},{"taxonomy":"post_tag","embeddable":true,"href":"https:\/\/fermebiodupetitsart.be\/index.php?rest_route=%2Fwp%2Fv2%2Ftags&post=34781263"}],"curies":[{"name":"wp","href":"https:\/\/api.w.org\/{rel}","templated":true}]}}