{"id":33749361,"date":"2010-11-17T22:15:06","date_gmt":"2010-11-17T22:15:06","guid":{"rendered":"http:\/\/fermebiodupetitsart.posterous.com\/un-scoop-ferme-bio-pedagogique-du-petit-sart"},"modified":"2015-01-10T09:28:46","modified_gmt":"2015-01-10T08:28:46","slug":"un-scoop-ferme-bio-pedagogique-du-petit-sart","status":"publish","type":"post","link":"https:\/\/fermebiodupetitsart.be\/?p=33749361","title":{"rendered":"Un scoop : \u00ab ferme bio p\u00e9dagogique du Petit Sart \u00bb"},"content":{"rendered":"<p style=\"text-align:justify;\">Une premi\u00e8re pour le Brabant Wallon et pour la Belgique&nbsp;! Hubert del Marmol envisage une fois la ferme compl\u00e8tement \u00e9rig\u00e9e (Probablement au printemps 2012&nbsp;) d\u2019ouvrir son exploitation agricole bio aux jeunes. Pour ce projet, il a \u00e9t\u00e9 fortement inspir\u00e9 ici par la vision du film \u00ab&nbsp;Nos enfants nous accuseront&nbsp;\u00bb<b><span style=\"font-size:16pt;color:#C0504D;\"><\/span><\/b><\/p>\n<p style=\"text-align:justify;\">Certes, il gardera la fonction premi\u00e8re de production et d\u2019\u00e9levage bio. Mais Hubert<span>&nbsp;&nbsp; <\/span>accueillera dans son hangar (en \u00e9t\u00e9) ou dans le corps de logis (en automne et hiver) des enfants de 8 \u00e0 14 ans <span>&nbsp;<\/span>de fa\u00e7on r\u00e9guli\u00e8re dans le cadre scolaire ou extra scolaire. Ce projet doit permettre \u00e0 l\u2019enfant ou au jeune de d\u00e9couvrir, \u00e0 travers les animaux et les cultures bio, les m\u00e9tiers de la terre et les \u00e9tapes de productions jusqu\u2019\u00e0 \u00e0 l\u2019\u00e9chelle du consommateur.<span>&nbsp; <\/span><\/p>\n<p style=\"text-align:justify;\">Ils pourront <span>&nbsp;<\/span>y trouver des activit\u00e9s diverses allant de la visite <span>&nbsp;<\/span>libre d\u2019un circuit am\u00e9nag\u00e9<span>&nbsp; <\/span>(champs, potager, animaux,\u2026) \u00e0 des visites guides ou <span>&nbsp;<\/span>\u00e0 des animations participatives plus ou moins longues (demi-journ\u00e9es, journ\u00e9es, cycles\u2026)<\/p>\n<p style=\"text-align:justify;\">Les activit\u00e9s passeront <i>par des approches vari\u00e9es&nbsp;: sensible, sensorielle, scientifique, cr\u00e9ative, ludique<\/i> et permet d\u2019ancrer l\u2019enseignement dans le r\u00e9el et le concret. <br \/> Les jeunes pourront \u00eatre que&nbsp; \u00ab&nbsp;spectateur&nbsp;\u00bb ou devenant \u00ab&nbsp;acteur \u00ab&nbsp;apprenant par exemple \u00e0 cultiver puis \u00e0 cuisiner Bio, \u00e0 confectionner<span>&nbsp; <\/span>du <a href=\"http:\/\/fr.wikipedia.org\/wiki\/Pain\">pain<\/a>, du <a href=\"http:\/\/fr.wikipedia.org\/wiki\/Compost\">compost<\/a>, ou m\u00eame du fromage &#8230; Il<span>&nbsp; <\/span>pourra participer aussi \u00e0 l\u2019entretien du potager Bio. <\/p>\n<p style=\"text-align:justify;\">Des parcelles de terres seront volontairement r\u00e9serv\u00e9es pour encourager les \u00e9coles de la r\u00e9gion de venir s\u2019initier aux techniques simples de la culture de l\u00e9gumes biologiques.<\/p>\n<p style=\"text-align:justify;\"> Des formations sont aussi propos\u00e9e&nbsp;: \u00e9ducation \u00e0 l\u2019alimentation, l\u2019<a href=\"http:\/\/fr.wikipedia.org\/w\/index.php?title=Hygi%C3%A8ne_alimentaire&amp;action=edit&amp;redlink=1\">hygi\u00e8ne alimentaire<\/a>, le <a href=\"http:\/\/fr.wikipedia.org\/wiki\/D%C3%A9veloppement_durable\">d\u00e9veloppement durable<\/a>, <a href=\"http:\/\/fr.wikipedia.org\/wiki\/%C3%89ducation_%C3%A0_l%27environnement\">\u00e9ducation \u00e0 l\u2019environnement<\/a>.<\/p>\n<p style=\"text-align:justify;\">Pour mener \u00e0 bien ce d\u00e9fi p\u00e9dagogique, Hubert pourra compter dans sa t\u00e2che sur l\u2019aide active de Carl VANDOORNE, journaliste et<span>&nbsp; <\/span>fondateur en Belgique du \u00ab&nbsp;<i>Journal des Enfants&nbsp;<\/i>\u00bb. Cet ami de la Ferme Bio du Petit Sart \u00e0 en outre \u00e9t\u00e9 durant dix ans secr\u00e9taire g\u00e9n\u00e9ral d\u2019une conf\u00e9d\u00e9ration de 23 organisations de jeunesse r\u00e9unissant plus de 200.000 jeunes. C\u2019est dire combien il conna\u00eet et ma\u00eetrise parfaitement<span>&nbsp; <\/span><i>la p\u00e9dagogie du projet<\/i>.<\/p>\n<p>Les 660 m\u00e8tres carr\u00e9s de Hangar (360 m2) et du corps de logis de la Ferme (300 m2) quasi passive seront bien indispensables pour relever tous ses d\u00e9fis.<\/p>\n","protected":false},"excerpt":{"rendered":"<p>Une premi\u00e8re pour le Brabant Wallon et pour la Belgique ! Hubert del Marmol envisage une fois la ferme compl\u00e8tement \u00e9rig\u00e9e (Probablement au printemps 2012 ) d\u2019ouvrir son exploitation agricole bio aux jeunes. Pour ce projet, il a \u00e9t\u00e9 fortem&#8230; <a href=\"https:\/\/fermebiodupetitsart.be\/?p=33749361\">Continuer la lecture <span class=\"meta-nav\">&rarr;<\/span><\/a><\/p>\n","protected":false},"author":1,"featured_media":0,"comment_status":"closed","ping_status":"closed","sticky":false,"template":"","format":"standard","meta":{"footnotes":""},"categories":[6],"tags":[],"class_list":["post-33749361","post","type-post","status-publish","format-standard","hentry","category-uncategorized"],"_links":{"self":[{"href":"https:\/\/fermebiodupetitsart.be\/index.php?rest_route=\/wp\/v2\/posts\/33749361","targetHints":{"allow":["GET"]}}],"collection":[{"href":"https:\/\/fermebiodupetitsart.be\/index.php?rest_route=\/wp\/v2\/posts"}],"about":[{"href":"https:\/\/fermebiodupetitsart.be\/index.php?rest_route=\/wp\/v2\/types\/post"}],"author":[{"embeddable":true,"href":"https:\/\/fermebiodupetitsart.be\/index.php?rest_route=\/wp\/v2\/users\/1"}],"replies":[{"embeddable":true,"href":"https:\/\/fermebiodupetitsart.be\/index.php?rest_route=%2Fwp%2Fv2%2Fcomments&post=33749361"}],"version-history":[{"count":1,"href":"https:\/\/fermebiodupetitsart.be\/index.php?rest_route=\/wp\/v2\/posts\/33749361\/revisions"}],"predecessor-version":[{"id":176277418,"href":"https:\/\/fermebiodupetitsart.be\/index.php?rest_route=\/wp\/v2\/posts\/33749361\/revisions\/176277418"}],"wp:attachment":[{"href":"https:\/\/fermebiodupetitsart.be\/index.php?rest_route=%2Fwp%2Fv2%2Fmedia&parent=33749361"}],"wp:term":[{"taxonomy":"category","embeddable":true,"href":"https:\/\/fermebiodupetitsart.be\/index.php?rest_route=%2Fwp%2Fv2%2Fcategories&post=33749361"},{"taxonomy":"post_tag","embeddable":true,"href":"https:\/\/fermebiodupetitsart.be\/index.php?rest_route=%2Fwp%2Fv2%2Ftags&post=33749361"}],"curies":[{"name":"wp","href":"https:\/\/api.w.org\/{rel}","templated":true}]}}