{"id":33749323,"date":"2010-11-17T22:14:12","date_gmt":"2010-11-17T22:14:12","guid":{"rendered":"http:\/\/fermebiodupetitsart.posterous.com\/la-presse-suit-le-developpement-de-ce-projet"},"modified":"2015-01-10T09:28:46","modified_gmt":"2015-01-10T08:28:46","slug":"la-presse-suit-le-developpement-de-ce-projet","status":"publish","type":"post","link":"https:\/\/fermebiodupetitsart.be\/?p=33749323","title":{"rendered":"La presse suit le d\u00e9veloppement de ce projet-pilote."},"content":{"rendered":"<p style=\"text-align:justify;\"><span>A ce jour, il y a encore tr\u00e8s peu de fermes bio implant\u00e9es en Brabant-Wallon. Pourtant la demande de produits bio des consommateurs braban\u00e7ons est<span>&nbsp; <\/span>sup\u00e9rieure par rapport \u00e0 d\u2019autres r\u00e9gions du pays\u2026<\/span><\/p>\n<p style=\"text-align:justify;\"><span>Le <b>17 ao\u00fbt, <\/b>sous la signature de Sophie Devillers, <b>La Libre Belgique<\/b> pr\u00e9sente \u00e0 son tour aussi sur une pleine page couleurs , le projet du <i>\u201cRetour \u00e0 la terrre, et au Bio\u201d<\/i> d\u2019Hubert del Marmol.<\/span><\/p>\n<p style=\"text-align:justify;\"><span><span>&nbsp;<\/span>Cet article <span>&nbsp;<\/span>(tout comme ceux parus (d\u00e9but juin 2010 dans <b><i>L\u2019Avenir<\/i><\/b> et la demi-page dans <b><i>Le Soir<\/i><\/b>), contribuera \u00e0 accro\u00eetre aupr\u00e8s des habitants de la r\u00e9gion la notorit\u00e9, les objectifs et les ambitions de la nouvelle Ferme Bio du Petit Sart. Dans cette page, Hubert<span>&nbsp; <\/span>explique en d\u00e9tail les singularit\u00e9s de son engagement agricole en reconversion bio et pr\u00e9sente son infrastructure : \u201c <i>Il \u2013<\/i> \u00e9crit la Libre<i> &#8211; s\u2019agira d\u2019un b\u00e2timent basse \u00e9n\u00e9rgie, avec un coefficient de K25. Le Hangar de 360 m\u00e8tres carr\u00e9s, ouvert de deux c\u00f4t\u00e9s et qui sera recouvert aussi de bardage de bois de nos r\u00e9gions est d\u00e9j\u00e0 construit (&#8230;). On a essay\u00e9 de l\u2019int\u00e9grer le plus discr\u00e8tement<span>&nbsp; <\/span>dans le paysage. De mani\u00e8re g\u00e9n\u00e9rale l\u2019accueil des voisins a \u00e9t\u00e9 favorable au nouveau venu. \u201cDans les champs j\u2019ai mis des panneaux \u201cagriculture en reconversion\u201d et j\u2019ai eu des gens qui sont venus me trouver en disant \u201con viendra acheter nos l\u00e9gumes chez vous alors\u2026\u201d.<\/i><\/span><\/p>\n<p style=\"text-align:justify;\"><i><span>                     <img height=\"122\" alt=\": BAPT\u00caME27-11-2010:P1090504.JPG\" width=\"162\" \/><\/span><\/i><i><span><\/span><\/i><\/p>\n<p style=\"text-align:justify;\"><span>Le <b>vendredi 5 novembre<\/b>, dans son <span>&nbsp;<\/span>\u00e9mission \u201cmag 360\u201d, TVcom pr\u00e9sente le boom dans la province du Brabant-Wallon en faveur du bio. Au nombre des intervenants, citons notamment Eric Evrard (agriculteur bio \u00e0 Nodebais), Herman Pirmez ( Adepte de la permaculture et Pr\u00e9sident de Bio-Forum) et notre ami Hubert del Marmol. Vous trouverez ci-apr\u00e8s le lien vous permettant de visionner le magazine anim\u00e9 par Nicolas Gilson. L\u2019\u00e9mission compos\u00e9e de reportages sur le terrain et d\u2019intervention sur le plateau dure 27 minutes.<\/span><\/p>\n<p style=\"text-align:justify;\"><a href=\"http:\/\/www.tvcom.be\/index.php?option=com_content&amp;view=article&amp;id=5274&amp;Itemid=0\"><b><span>http:\/\/www.tvcom.be\/index.php?option=com_content&amp;view=article&amp;id=5274&amp;Itemid=0<\/span><\/b><\/a><b><span><\/span><\/b><\/p>\n","protected":false},"excerpt":{"rendered":"<p>A ce jour, il y a encore tr\u00e8s peu de fermes bio implant\u00e9es en Brabant-Wallon. Pourtant la demande de produits bio des consommateurs braban\u00e7ons est sup\u00e9rieure par rapport   d\u2019autres r\u00e9gions du pays\u2026Le 17 ao\u00fbt, sous la signature de Sophie&#8230; <a href=\"https:\/\/fermebiodupetitsart.be\/?p=33749323\">Continuer la lecture <span class=\"meta-nav\">&rarr;<\/span><\/a><\/p>\n","protected":false},"author":1,"featured_media":0,"comment_status":"closed","ping_status":"closed","sticky":false,"template":"","format":"standard","meta":{"footnotes":""},"categories":[6],"tags":[],"class_list":["post-33749323","post","type-post","status-publish","format-standard","hentry","category-uncategorized"],"_links":{"self":[{"href":"https:\/\/fermebiodupetitsart.be\/index.php?rest_route=\/wp\/v2\/posts\/33749323","targetHints":{"allow":["GET"]}}],"collection":[{"href":"https:\/\/fermebiodupetitsart.be\/index.php?rest_route=\/wp\/v2\/posts"}],"about":[{"href":"https:\/\/fermebiodupetitsart.be\/index.php?rest_route=\/wp\/v2\/types\/post"}],"author":[{"embeddable":true,"href":"https:\/\/fermebiodupetitsart.be\/index.php?rest_route=\/wp\/v2\/users\/1"}],"replies":[{"embeddable":true,"href":"https:\/\/fermebiodupetitsart.be\/index.php?rest_route=%2Fwp%2Fv2%2Fcomments&post=33749323"}],"version-history":[{"count":1,"href":"https:\/\/fermebiodupetitsart.be\/index.php?rest_route=\/wp\/v2\/posts\/33749323\/revisions"}],"predecessor-version":[{"id":176277419,"href":"https:\/\/fermebiodupetitsart.be\/index.php?rest_route=\/wp\/v2\/posts\/33749323\/revisions\/176277419"}],"wp:attachment":[{"href":"https:\/\/fermebiodupetitsart.be\/index.php?rest_route=%2Fwp%2Fv2%2Fmedia&parent=33749323"}],"wp:term":[{"taxonomy":"category","embeddable":true,"href":"https:\/\/fermebiodupetitsart.be\/index.php?rest_route=%2Fwp%2Fv2%2Fcategories&post=33749323"},{"taxonomy":"post_tag","embeddable":true,"href":"https:\/\/fermebiodupetitsart.be\/index.php?rest_route=%2Fwp%2Fv2%2Ftags&post=33749323"}],"curies":[{"name":"wp","href":"https:\/\/api.w.org\/{rel}","templated":true}]}}