{"id":33749289,"date":"2010-11-17T22:13:07","date_gmt":"2010-11-17T22:13:07","guid":{"rendered":"http:\/\/fermebiodupetitsart.posterous.com\/demarrage-du-chantier-de-construction-de-la-f"},"modified":"2015-01-10T09:28:46","modified_gmt":"2015-01-10T08:28:46","slug":"demarrage-du-chantier-de-construction-de-la-f","status":"publish","type":"post","link":"https:\/\/fermebiodupetitsart.be\/?p=33749289","title":{"rendered":"D\u00e9marrage du chantier de construction de la \u201cFerme Bio du Petit Sart\u201d"},"content":{"rendered":"<p style=\"text-align:justify;\"><span>Le<b> mardi 3 ao\u00fbt<\/b>,<span>&nbsp;&nbsp; <\/span>d\u00e9butent les travaux de construction du hangar et du corps de logis de la Ferme Bio. Le gros oeuvre <span>&nbsp;<\/span>ont \u00e9t\u00e9 confi\u00e9<span>&nbsp; <\/span>respectivement aux Entreprises <\/span><b><i><span style=\"font-size:11pt;\">Clarinval<\/span><\/i><\/b><span> (de Bi\u00e8vres) et <span>&nbsp;<\/span><\/span><b><i><span style=\"font-size:11pt;\">SPRL Maxi Vandenbosche<\/span><\/i><\/b><span> (de Walhain).<span>&nbsp; <\/span>D\u2019autres entreprises de la r\u00e9gion vont<span>&nbsp; <\/span>aussi activement participer \u00e0 la construction de cette petite ferme mod\u00e8le : les <\/span><b><i><span style=\"font-size:11pt;\">Ets Goessens-Pirenne <\/span><\/i><\/b><span>(de Hannut) pour l\u2019intallation du chauffage et des sanitaires, la <\/span><b><i><span style=\"font-size:11pt;\">Sprl<span>&nbsp; <\/span>Henri-Philippe Marcotty<\/span><\/i><\/b><span> (de Limal) pour les am\u00e9nagements \u00e9lectriques,<span>&nbsp; <\/span>etc\u2026 <\/span><\/p>\n<p style=\"text-align:justify;\"><span>La conception architecturale a n\u00e9cessit\u00e9 4 ans d\u2019intenses r\u00e9flexions. Hubert d\u00e9sirait b\u00e2tir un corps de ferme \u201cbasse \u00e9nergie\u201d comprenant l\u2019usage de panneaux solaires et permettant les r\u00e9cup\u00e9rations des eaux de pluies. <span>&nbsp;<\/span>Les plans de la Ferme Bio ont \u00e9t\u00e9 con\u00e7us et dessin\u00e9s par Etienne Cornet d\u2019Elzius second\u00e9 par C\u00e9dric Tercelin de Joigny, architectes de <\/span><b><i><span style=\"font-size:11pt;\">l\u2019Atelier d\u2019Architecture et d\u2019Urbanisme de Mal\u00e8ves<\/span><\/i><\/b><b><span style=\"font-size:11pt;\"> <\/span><\/b><span>(bureaux implant\u00e9s aujourd\u2019hui \u00e0 Louvain-La-Neuve).<span>&nbsp; <\/span>Deux autres entreprises n\u00e9o-louvanistes ont \u00e9tudi\u00e9 et garanti la stabilit\u00e9 (<\/span><b><i><span style=\"font-size:11pt;\">Bureau Luc Delvaux)<\/span><\/i><\/b><span> et apport\u00e9s leurs conseils pour le chauffage et HVAC <\/span><b><i><span style=\"font-size:11pt;\">(la Sprl Global Technics Conception).<\/span><\/i><\/b><\/p>\n<p style=\"text-align:justify;\"><span>Dans la mesure du possible, afin de r\u00e9duire au maximum l\u2019empreinte \u00e9nerg\u00e9tique, Hubert a privil\u00e9gi\u00e9 le sacro-saint \u201ccircuit court\u201d en offrant du travail \u00e0 une vingtaine de travailleurs issus du Brabant-Wallon.<\/span><\/p>\n<p style=\"text-align:justify;\"><span>                     <img height=\"230\" alt=\": BAPT\u00caME27-11-2010:P1020220.JPG\" width=\"306\" \/><\/span><span><\/span><\/p>\n","protected":false},"excerpt":{"rendered":"<p>Le mardi 3 ao\u00fbt, d\u00e9butent les travaux de construction du hangar et du corps de logis de la Ferme Bio. Le gros oeuvre ont \u00e9t\u00e9 confi\u00e9 respectivement aux Entreprises Clarinval (de Bi\u00e8vres) et SPRL Maxi Vandenbosche (de Walhain). D\u2019autres entr&#8230; <a href=\"https:\/\/fermebiodupetitsart.be\/?p=33749289\">Continuer la lecture <span class=\"meta-nav\">&rarr;<\/span><\/a><\/p>\n","protected":false},"author":1,"featured_media":0,"comment_status":"closed","ping_status":"closed","sticky":false,"template":"","format":"standard","meta":{"footnotes":""},"categories":[6],"tags":[],"class_list":["post-33749289","post","type-post","status-publish","format-standard","hentry","category-uncategorized"],"_links":{"self":[{"href":"https:\/\/fermebiodupetitsart.be\/index.php?rest_route=\/wp\/v2\/posts\/33749289","targetHints":{"allow":["GET"]}}],"collection":[{"href":"https:\/\/fermebiodupetitsart.be\/index.php?rest_route=\/wp\/v2\/posts"}],"about":[{"href":"https:\/\/fermebiodupetitsart.be\/index.php?rest_route=\/wp\/v2\/types\/post"}],"author":[{"embeddable":true,"href":"https:\/\/fermebiodupetitsart.be\/index.php?rest_route=\/wp\/v2\/users\/1"}],"replies":[{"embeddable":true,"href":"https:\/\/fermebiodupetitsart.be\/index.php?rest_route=%2Fwp%2Fv2%2Fcomments&post=33749289"}],"version-history":[{"count":1,"href":"https:\/\/fermebiodupetitsart.be\/index.php?rest_route=\/wp\/v2\/posts\/33749289\/revisions"}],"predecessor-version":[{"id":176277420,"href":"https:\/\/fermebiodupetitsart.be\/index.php?rest_route=\/wp\/v2\/posts\/33749289\/revisions\/176277420"}],"wp:attachment":[{"href":"https:\/\/fermebiodupetitsart.be\/index.php?rest_route=%2Fwp%2Fv2%2Fmedia&parent=33749289"}],"wp:term":[{"taxonomy":"category","embeddable":true,"href":"https:\/\/fermebiodupetitsart.be\/index.php?rest_route=%2Fwp%2Fv2%2Fcategories&post=33749289"},{"taxonomy":"post_tag","embeddable":true,"href":"https:\/\/fermebiodupetitsart.be\/index.php?rest_route=%2Fwp%2Fv2%2Ftags&post=33749289"}],"curies":[{"name":"wp","href":"https:\/\/api.w.org\/{rel}","templated":true}]}}