{"id":33749091,"date":"2010-11-17T22:09:36","date_gmt":"2010-11-17T22:09:36","guid":{"rendered":"http:\/\/fermebiodupetitsart.posterous.com\/le-ministre-henry-accorde-par-deux-fois-le-pe"},"modified":"2015-01-10T09:28:46","modified_gmt":"2015-01-10T08:28:46","slug":"le-ministre-henry-accorde-par-deux-fois-le-pe","status":"publish","type":"post","link":"https:\/\/fermebiodupetitsart.be\/?p=33749091","title":{"rendered":"Le Ministre Henry accorde par deux fois le permis de construire"},"content":{"rendered":"<p class=\"MsoNoSpacing\" style=\"text-align:justify;\"><span>Par un arr\u00eat\u00e9 du <b>8 septembre 2009<\/b>, Philippe HENRY,<span>&nbsp; <\/span>Ministre de l\u2019Environnement, de l\u2019Am\u00e9nagement du Territoire et de la Mobilit\u00e9, \u00e0 l\u2019issue d\u2019un recours, a d\u00e9livr\u00e9 le permis de b\u00e2tir de la ferme biologique sollicit\u00e9 par Hubert del Marmol. L\u2019agriculteur en reconversion Bio est soulag\u00e9. Il pourra \u00e0 court terme s\u2019installer au c\u0153ur de ses terres.<span>&nbsp; <\/span>Il ne devra plus parcourir par tous les temps plus de 80 km pour se rendre sur son lieu de travail. Mieux, son mat\u00e9riel, ses pailles et r\u00e9coltes pourront enfin \u00eatre rassembl\u00e9s en un m\u00eame lieu (Au n\u00b075 de la rue du<span>&nbsp; <\/span>Petit Sart), en bordure d\u2019une de ses terres agricoles. <\/span><\/p>\n<p class=\"MsoNoSpacing\" style=\"text-align:justify;\"><span><\/span><\/p>\n<p class=\"MsoNoSpacing\" style=\"text-align:justify;\"><span>H\u00e9las en d\u00e9cembre 2009, deux \u00ab&nbsp;riverains&nbsp;\u00bb (Mme Nicole Hottelet et un cousin <span>&nbsp;<\/span>d\u2019Hubert, Dominique Dumont de Chassart, agriculteur traditionnel \u2026 implant\u00e9 \u00e0 1 km du site&nbsp;!) et une petite association local ont introduit aupr\u00e8s du Conseil d\u2019Etat une requ\u00eate unique en suspension et en annulation du permis de la Ferme Bio, octroy\u00e9 par le Ministre Ecolo. Dans ce cas pr\u00e9cis, on est en plein dans le ph\u00e9nom\u00e8ne Nimby&nbsp;!<\/span><\/p>\n<p class=\"MsoNoSpacing\" style=\"text-align:justify;\"><span><\/span><\/p>\n<p class=\"MsoNoSpacing\" style=\"text-align:justify;\"><span>Qu\u2019importe apr\u00e8s tout, en toute l\u00e9galit\u00e9, s\u00fbr de son projet et de la justesse de sa reconversion agricole, et fort du feu vert octroy\u00e9 par le Gouvernement wallon, Hubert del Marmol, soutenu et encourag\u00e9 par des voisins et tout un collectif d\u2019amis, a d\u00e9but\u00e9 les travaux d\u2019implantation de sa future ferme Biologique. <\/span><\/p>\n<p class=\"MsoNoSpacing\" style=\"text-align:justify;\"><span>D\u00e9but mai, la XIII\u00e8me chambre du Conseil d\u2019Etat a cass\u00e9 le permis minist\u00e9riel. A lire attentivement l\u2019Arr\u00eat, il manquait donc explicitement dans la notification du permis trois \u00e9l\u00e9ments, \u00e0 savoir&nbsp;:<\/span><\/p>\n<p class=\"MsoNoSpacing\"><span><span>1.<span style=\"font:7pt Times New Roman;\">&nbsp;&nbsp;&nbsp;&nbsp; <\/span><\/span><\/span><span>la mention que \u00ab&nbsp;la demande de permis est recevable et compl\u00e8te&nbsp;\u00bb<\/span><\/p>\n<p class=\"MsoNoSpacing\"><span><span>2.<span style=\"font:7pt Times New Roman;\">&nbsp;&nbsp;&nbsp;&nbsp; <\/span><\/span><\/span><span>la mention explicite que \u00ab&nbsp;le projet n\u2019est pas susceptible d\u2019avoir des incidences notables sur l\u2019environnement&nbsp;\u00bb<\/span><\/p>\n<p class=\"MsoNoSpacing\"><span><span>3.<span style=\"font:7pt Times New Roman;\">&nbsp;&nbsp;&nbsp;&nbsp; <\/span><\/span><\/span><span>la mention qu\u2019&nbsp;\u00bbil n\u2019y a pas lieu de prescrire la r\u00e9alisation d\u2019une Enqu\u00eate d\u2019incidences sur l\u2019environnement&nbsp;\u00bb<\/span><\/p>\n<p class=\"MsoNoSpacing\" style=\"margin-left:18pt;text-align:justify;\"><span><\/span><\/p>\n<p class=\"MsoNoSpacing\" style=\"text-align:justify;\"><span><span>&nbsp;<\/span><\/span><\/p>\n<p style=\"text-align:justify;\"><span>En date du <b>2 juillet 2010<\/b>, au nom du Gouvernement wallon, Philippe Henry, Ministre de l\u2019Environnement, de l\u2019Am\u00e9nagement du territoire et de la Mobilit\u00e9 a re-d\u00e9livr\u00e9 \u00e0 Hubert del Marmol, le permis de construitre un hangar agricole et un corps de logis au 75, rue du Petit Sart \u00e0 Grez-Doiceau. <\/span><\/p>\n<p style=\"text-align:justify;\"><span>                     <img height=\"128\" alt=\": BAPT\u00caME27-11-2010:P1070974.JPG\" width=\"170\" \/><\/span><span><\/span><\/p>\n","protected":false},"excerpt":{"rendered":"<p>Par un arr\u00eat\u00e9 du 8 septembre 2009, Philippe HENRY, Ministre de l\u2019Environnement, de l\u2019Am\u00e9nagement du Territoire et de la Mobilit\u00e9,   l\u2019issue d\u2019un recours, a d\u00e9livr\u00e9 le permis de b\u00e2tir de la ferme biologique sollicit\u00e9 par Hubert del&#8230; <a href=\"https:\/\/fermebiodupetitsart.be\/?p=33749091\">Continuer la lecture <span class=\"meta-nav\">&rarr;<\/span><\/a><\/p>\n","protected":false},"author":1,"featured_media":0,"comment_status":"closed","ping_status":"closed","sticky":false,"template":"","format":"standard","meta":{"footnotes":""},"categories":[6],"tags":[],"class_list":["post-33749091","post","type-post","status-publish","format-standard","hentry","category-uncategorized"],"_links":{"self":[{"href":"https:\/\/fermebiodupetitsart.be\/index.php?rest_route=\/wp\/v2\/posts\/33749091","targetHints":{"allow":["GET"]}}],"collection":[{"href":"https:\/\/fermebiodupetitsart.be\/index.php?rest_route=\/wp\/v2\/posts"}],"about":[{"href":"https:\/\/fermebiodupetitsart.be\/index.php?rest_route=\/wp\/v2\/types\/post"}],"author":[{"embeddable":true,"href":"https:\/\/fermebiodupetitsart.be\/index.php?rest_route=\/wp\/v2\/users\/1"}],"replies":[{"embeddable":true,"href":"https:\/\/fermebiodupetitsart.be\/index.php?rest_route=%2Fwp%2Fv2%2Fcomments&post=33749091"}],"version-history":[{"count":1,"href":"https:\/\/fermebiodupetitsart.be\/index.php?rest_route=\/wp\/v2\/posts\/33749091\/revisions"}],"predecessor-version":[{"id":176277422,"href":"https:\/\/fermebiodupetitsart.be\/index.php?rest_route=\/wp\/v2\/posts\/33749091\/revisions\/176277422"}],"wp:attachment":[{"href":"https:\/\/fermebiodupetitsart.be\/index.php?rest_route=%2Fwp%2Fv2%2Fmedia&parent=33749091"}],"wp:term":[{"taxonomy":"category","embeddable":true,"href":"https:\/\/fermebiodupetitsart.be\/index.php?rest_route=%2Fwp%2Fv2%2Fcategories&post=33749091"},{"taxonomy":"post_tag","embeddable":true,"href":"https:\/\/fermebiodupetitsart.be\/index.php?rest_route=%2Fwp%2Fv2%2Ftags&post=33749091"}],"curies":[{"name":"wp","href":"https:\/\/api.w.org\/{rel}","templated":true}]}}