{"id":176277522,"date":"2015-04-22T14:23:30","date_gmt":"2015-04-22T12:23:30","guid":{"rendered":"http:\/\/fermebiodupetitsart.be\/?p=176277522"},"modified":"2015-04-22T14:24:59","modified_gmt":"2015-04-22T12:24:59","slug":"un-ministre-wallon-veut-interdire-lutilisation-des-pesticides-aux-neonicotinoides","status":"publish","type":"post","link":"https:\/\/fermebiodupetitsart.be\/?p=176277522","title":{"rendered":"Un Ministre Wallon  veut interdire l\u2019utilisation des pesticides aux n\u00e9onicotino\u00efdes"},"content":{"rendered":"<p> Faut-il le rappeler ? Les \u00ab\u00a0Amis de la ferme bio du Petit Sart\u00a0\u00bb est une association citoyenne, pluraliste et libre. Elle n&rsquo;est inf\u00e9od\u00e9e \u00e0 aucune formation.  Quand des politiques prennent une bonne (ou mauvaise) d\u00e9cision, elle entend ne pas rester muette. C\u2019est son devoir de parler.<\/p>\n<p>Bonne Nouvelle ! En r\u00e9ponse \u00e0 une interpellation d\u2019actualit\u00e9 au Parlement wallon, Carlo DI ANTONIO, le Ministre de l\u2019Environnement (et du bien-\u00eatre animal) vient de faire part de sa volont\u00e9 d\u2019interdire l\u2019utilisation des n\u00e9onicotino\u00efdes sur l\u2019ensemble du territoire wallon, Actuellement, un d\u00e9cret datant du 10 juillet 2013 encadre l\u2019utilisation des pesticides sur le domaine public. La volont\u00e9 du Ministre Carlo DI ANTONIO est de modifier ce texte afin d\u2019aller dans le sens d\u2019une interdiction g\u00e9n\u00e9ralis\u00e9e de l\u2019utilisation de n\u00e9onicotino\u00efdes sur l\u2019ensemble de la Wallonie au vu du risque grave et \u00e9vident sur la sant\u00e9 de nos abeilles.<\/p>\n<p>Pour rappel, les n\u00e9onicotino\u00efdes sont des insecticides syst\u00e9miques neurotoxiques qui causent d\u2019importants dommages sur de nombreuses esp\u00e8ces de pollinisateurs. (Nous avons aussi 12 ruches en accueil \u00e0 la ferme bio du Petit-Sart)<\/p>\n<p>Dits syst\u00e9mique, ils sont pr\u00e9sents dans la plante tout au long de sa vie. On les retrouve donc sur les feuilles, fleurs, racines, tiges, mais aussi dans le pollen et le nectar. Persistants dans l\u2019environnement, ils contaminent le sol, l\u2019eau et l\u2019air.<\/p>\n<p>Le Ministre &#8211; et BourgmestreCdH de Dour &#8211; Carlo DI ANTONIO souligne la n\u00e9cessit\u00e9 de r\u00e9duire significativement l\u2019utilisation des pesticides afin d\u2019att\u00e9nuer leur impact sur l\u2019environnement, la sant\u00e9 humaine et notre biodiversit\u00e9.<\/p>\n<p>En Wallonie, l\u2019abeille domestique ainsi que les 350 esp\u00e8ces sauvages d\u2019abeilles et de bourdons permettent la f\u00e9condation et la reproduction de plus de 80% des esp\u00e8ces v\u00e9g\u00e9tales. 1\/3 de l\u2019alimentation humaine et 3\/4 de nos cultures agricoles d\u00e9pendent de la pollinisation des insectes. <\/p>\n","protected":false},"excerpt":{"rendered":"<p>Faut-il le rappeler ? Les \u00ab\u00a0Amis de la ferme bio du Petit Sart\u00a0\u00bb est une association citoyenne, pluraliste et libre. Elle n&rsquo;est inf\u00e9od\u00e9e \u00e0 aucune formation. Quand des politiques prennent une bonne (ou mauvaise) d\u00e9cision, elle entend ne pas rester &hellip; <a href=\"https:\/\/fermebiodupetitsart.be\/?p=176277522\">Continuer la lecture <span class=\"meta-nav\">&rarr;<\/span><\/a><\/p>\n","protected":false},"author":1,"featured_media":0,"comment_status":"closed","ping_status":"closed","sticky":false,"template":"","format":"quote","meta":{"footnotes":""},"categories":[4,5],"tags":[],"class_list":["post-176277522","post","type-post","status-publish","format-quote","hentry","category-debat-de-societe","category-revue-de-presse","post_format-post-format-quote"],"_links":{"self":[{"href":"https:\/\/fermebiodupetitsart.be\/index.php?rest_route=\/wp\/v2\/posts\/176277522","targetHints":{"allow":["GET"]}}],"collection":[{"href":"https:\/\/fermebiodupetitsart.be\/index.php?rest_route=\/wp\/v2\/posts"}],"about":[{"href":"https:\/\/fermebiodupetitsart.be\/index.php?rest_route=\/wp\/v2\/types\/post"}],"author":[{"embeddable":true,"href":"https:\/\/fermebiodupetitsart.be\/index.php?rest_route=\/wp\/v2\/users\/1"}],"replies":[{"embeddable":true,"href":"https:\/\/fermebiodupetitsart.be\/index.php?rest_route=%2Fwp%2Fv2%2Fcomments&post=176277522"}],"version-history":[{"count":1,"href":"https:\/\/fermebiodupetitsart.be\/index.php?rest_route=\/wp\/v2\/posts\/176277522\/revisions"}],"predecessor-version":[{"id":176277523,"href":"https:\/\/fermebiodupetitsart.be\/index.php?rest_route=\/wp\/v2\/posts\/176277522\/revisions\/176277523"}],"wp:attachment":[{"href":"https:\/\/fermebiodupetitsart.be\/index.php?rest_route=%2Fwp%2Fv2%2Fmedia&parent=176277522"}],"wp:term":[{"taxonomy":"category","embeddable":true,"href":"https:\/\/fermebiodupetitsart.be\/index.php?rest_route=%2Fwp%2Fv2%2Fcategories&post=176277522"},{"taxonomy":"post_tag","embeddable":true,"href":"https:\/\/fermebiodupetitsart.be\/index.php?rest_route=%2Fwp%2Fv2%2Ftags&post=176277522"}],"curies":[{"name":"wp","href":"https:\/\/api.w.org\/{rel}","templated":true}]}}