{"id":176277430,"date":"2015-01-25T10:07:33","date_gmt":"2015-01-25T09:07:33","guid":{"rendered":"http:\/\/fermebiodupetitsart.be\/?p=176277430"},"modified":"2015-02-04T19:07:23","modified_gmt":"2015-02-04T18:07:23","slug":"fin-dune-saga-la-ferme-bio-du-petit-sart-est-definitivement-sauvee","status":"publish","type":"post","link":"https:\/\/fermebiodupetitsart.be\/?p=176277430","title":{"rendered":"Fin d\u2019une saga : La ferme bio du Petit Sart est d\u00e9finitivement sauv\u00e9e"},"content":{"rendered":"<p>Apr\u00e8s 2 refus cat\u00e9goriques d\u2019octroi de permis par le Coll\u00e8ge des Bourgmestre et Echevins de Grez-Doiceau (l\u2019Equipe d\u2019Alain Clabots), 3 recours d\u2019une minorit\u00e9 d\u2019opposants devant le Conseil d\u2019Etat et 4 permis successifs d\u00e9livr\u00e9s par le Ministre Wallon de l\u2019Am\u00e9nagement du Territoire (Philippe Henry), la Ferme Bio du Petit Sart est DEFINITIVEMENT sauv\u00e9e !<\/p>\n<p>Vous trouverez en annexe la copie de l\u2019Arr\u00eat du Conseil d\u2019Etat qui confirme la perte d\u2019objet du troisi\u00e8me recours introduit et orchestr\u00e9 principalement par M. Dominique Dumont de Chassart (Agriculteur conventionnel de H\u00e8ze et Administrateur-g\u00e9rant Quick Gazon sprl).<\/p>\n<p>Cet Arr\u00eat est dat\u00e9 du 19 janvier 2015. Nous venons de le recevoir de nos avocats Ma\u00eetres Francis Haumont et Fabrice Evrard ( Cabinet HSP Wavre).  <\/p>\n<p>Cet arr\u00eat  met &#8211; enfin ! &#8211; un terme d\u00e9finitif \u00e0 cette longue et p\u00e9nible saga de la ferme bio du Petit Sart. Cette Ferme Bio Pilote a \u00e9t\u00e9 \u00e9rig\u00e9e dans la philosophie de d\u00e9veloppement durable par l\u2019\u00e9leveur et agrobiologiste, Hubert del Marmol.<\/p>\n<p>Depuis sa construction, en 2010, la \u00abferme couveuse \u00bb a offert des vocations professionnelles \u00e0 plus de 10 jeunes mara\u00eechers bio, plus de deux milles personnes de plus 50 pays (d\u2019Europe, d\u2019Afrique, d\u2019Asie, d\u2019Australie et d&rsquo;Am\u00e9rique Latine) sont venues dans les Ardennes braban\u00e7onnes visiter cette ferme du futur ou participer \u00e0 des formations, cours de cuisine ou stages de jardinage bio. <\/p>\n<p>Aujourd\u2019hui, gr\u00e2ce \u00e0 la nouvelle majorit\u00e9 du Coll\u00e8ge \u00e9chevinal, elle a poursuivi son d\u00e9veloppement. Un long silo conservatoire, un deuxi\u00e8me hangar de 360 m\u00e8tres carr\u00e9s, une deuxi\u00e8me cour de ferme ont \u00e9t\u00e9 construits.  La vente en direct de colis Limousins Bio a remport\u00e9 un \u00e9norme succ\u00e8s. C\u2019est dire combien les consommateurs du Brabant-Wallon aspirent \u00e0 d\u00e9guster des produits fermiers bio de qualit\u00e9 et du terroir !<\/p>\n<p><a href=\"http:\/\/fermebiodupetitsart.be\/wp-content\/uploads\/2015\/01\/arr\u00eat-CE.pdf\">arr\u00eat CE<\/a><\/p>\n","protected":false},"excerpt":{"rendered":"<p>Apr\u00e8s 2 refus cat\u00e9goriques d\u2019octroi de permis par le Coll\u00e8ge des Bourgmestre et Echevins de Grez-Doiceau (l\u2019Equipe d\u2019Alain Clabots), 3 recours d\u2019une minorit\u00e9 d\u2019opposants devant le Conseil d\u2019Etat et 4 permis successifs d\u00e9livr\u00e9s par le Ministre Wallon de l\u2019Am\u00e9nagement du &hellip; <a href=\"https:\/\/fermebiodupetitsart.be\/?p=176277430\">Continuer la lecture <span class=\"meta-nav\">&rarr;<\/span><\/a><\/p>\n","protected":false},"author":1,"featured_media":0,"comment_status":"closed","ping_status":"closed","sticky":false,"template":"","format":"standard","meta":{"footnotes":""},"categories":[2,3,5],"tags":[],"class_list":["post-176277430","post","type-post","status-publish","format-standard","hentry","category-chez-nous","category-dans-la-region","category-revue-de-presse"],"_links":{"self":[{"href":"https:\/\/fermebiodupetitsart.be\/index.php?rest_route=\/wp\/v2\/posts\/176277430","targetHints":{"allow":["GET"]}}],"collection":[{"href":"https:\/\/fermebiodupetitsart.be\/index.php?rest_route=\/wp\/v2\/posts"}],"about":[{"href":"https:\/\/fermebiodupetitsart.be\/index.php?rest_route=\/wp\/v2\/types\/post"}],"author":[{"embeddable":true,"href":"https:\/\/fermebiodupetitsart.be\/index.php?rest_route=\/wp\/v2\/users\/1"}],"replies":[{"embeddable":true,"href":"https:\/\/fermebiodupetitsart.be\/index.php?rest_route=%2Fwp%2Fv2%2Fcomments&post=176277430"}],"version-history":[{"count":1,"href":"https:\/\/fermebiodupetitsart.be\/index.php?rest_route=\/wp\/v2\/posts\/176277430\/revisions"}],"predecessor-version":[{"id":176277432,"href":"https:\/\/fermebiodupetitsart.be\/index.php?rest_route=\/wp\/v2\/posts\/176277430\/revisions\/176277432"}],"wp:attachment":[{"href":"https:\/\/fermebiodupetitsart.be\/index.php?rest_route=%2Fwp%2Fv2%2Fmedia&parent=176277430"}],"wp:term":[{"taxonomy":"category","embeddable":true,"href":"https:\/\/fermebiodupetitsart.be\/index.php?rest_route=%2Fwp%2Fv2%2Fcategories&post=176277430"},{"taxonomy":"post_tag","embeddable":true,"href":"https:\/\/fermebiodupetitsart.be\/index.php?rest_route=%2Fwp%2Fv2%2Ftags&post=176277430"}],"curies":[{"name":"wp","href":"https:\/\/api.w.org\/{rel}","templated":true}]}}