{"id":176277257,"date":"2014-09-12T15:04:56","date_gmt":"2014-09-12T13:04:56","guid":{"rendered":"http:\/\/fermebiodupetitsart.be\/?p=176277257"},"modified":"2015-02-14T18:42:35","modified_gmt":"2015-02-14T17:42:35","slug":"jean-baptiste-etudiant-en-bio-ingenieur-a-lucl-termine-son-stage-de-1-mois","status":"publish","type":"post","link":"https:\/\/fermebiodupetitsart.be\/?p=176277257","title":{"rendered":"Jean-Baptiste, \u00e9tudiant en bio-ing\u00e9nieur \u00e0 l&rsquo;UCL termine son stage de 1 mois"},"content":{"rendered":"<p>Le namurois, Jean-Baptiste Van den Broucke repart ce samedi 13 septembre rejoindre le campus universitaire de Louvain-La-Neuve. Au total, durant un mois, il a travaill\u00e9 avec notre \u00e9leveur agrobiologiste, Hubert et s\u00e9journ\u00e9 24 heures sur 24  \u00e0 la ferme bio du Petit Sart.<br \/>\nDurant son stage, il a d\u00e9couvert notamment les sp\u00e9cificit\u00e9s (et les exigences) de l\u2019\u00e9levage d\u2019un troupeau de limousins r\u00e9parti en 3 zones diff\u00e9rentes\u2026, entretenu le potager exp\u00e9rimental bio, poser de nouvelles et indispensables cl\u00f4tures, nourrir les poule, labradors, garantir jour et nuit !-  le bon s\u00e9chage des r\u00e9coltes c\u00e9r\u00e9ali\u00e8res du Fond du Moulin, rencontr\u00e9 de nombreux acteurs et experts agricoles et visiteurs et Amis de notre ferme Bio, etc\u2026 On attend avec impatience de d\u00e9couvrir son rapport de stage \ud83d\ude09   Merci et Bonne rentr\u00e9e Jean-Baptiste !<a href=\"http:\/\/fermebiodupetitsart.be\/wp-content\/uploads\/2014\/09\/P1140594.jpeg\"><img loading=\"lazy\" decoding=\"async\" src=\"http:\/\/fermebiodupetitsart.be\/wp-content\/uploads\/2014\/09\/P1140594.jpeg\" alt=\"P1140594\" width=\"640\" height=\"480\" class=\"alignnone size-full wp-image-176277258\" srcset=\"https:\/\/fermebiodupetitsart.be\/wp-content\/uploads\/2014\/09\/P1140594.jpeg 640w, https:\/\/fermebiodupetitsart.be\/wp-content\/uploads\/2014\/09\/P1140594-300x225.jpeg 300w\" sizes=\"auto, (max-width: 640px) 100vw, 640px\" \/><\/a><\/p>\n<p><a href=\"http:\/\/fermebiodupetitsart.be\/wp-content\/uploads\/2014\/09\/P1160994.jpeg\"><img loading=\"lazy\" decoding=\"async\" src=\"http:\/\/fermebiodupetitsart.be\/wp-content\/uploads\/2014\/09\/P1160994.jpeg\" alt=\"P1160994\" width=\"640\" height=\"480\" class=\"alignnone size-full wp-image-176277259\" srcset=\"https:\/\/fermebiodupetitsart.be\/wp-content\/uploads\/2014\/09\/P1160994.jpeg 640w, https:\/\/fermebiodupetitsart.be\/wp-content\/uploads\/2014\/09\/P1160994-300x225.jpeg 300w\" sizes=\"auto, (max-width: 640px) 100vw, 640px\" \/><\/a><\/p>\n<p><a href=\"http:\/\/fermebiodupetitsart.be\/wp-content\/uploads\/2014\/09\/P1170310.jpeg\"><img loading=\"lazy\" decoding=\"async\" src=\"http:\/\/fermebiodupetitsart.be\/wp-content\/uploads\/2014\/09\/P1170310.jpeg\" alt=\"P1170310\" width=\"480\" height=\"640\" class=\"alignnone size-full wp-image-176277260\" srcset=\"https:\/\/fermebiodupetitsart.be\/wp-content\/uploads\/2014\/09\/P1170310.jpeg 480w, https:\/\/fermebiodupetitsart.be\/wp-content\/uploads\/2014\/09\/P1170310-225x300.jpeg 225w\" sizes=\"auto, (max-width: 480px) 100vw, 480px\" \/><\/a><\/p>\n<p><a href=\"http:\/\/fermebiodupetitsart.be\/wp-content\/uploads\/2014\/09\/P1170173.jpeg\"><img loading=\"lazy\" decoding=\"async\" src=\"http:\/\/fermebiodupetitsart.be\/wp-content\/uploads\/2014\/09\/P1170173.jpeg\" alt=\"P1170173\" width=\"640\" height=\"480\" class=\"alignnone size-full wp-image-176277261\" srcset=\"https:\/\/fermebiodupetitsart.be\/wp-content\/uploads\/2014\/09\/P1170173.jpeg 640w, https:\/\/fermebiodupetitsart.be\/wp-content\/uploads\/2014\/09\/P1170173-300x225.jpeg 300w\" sizes=\"auto, (max-width: 640px) 100vw, 640px\" \/><\/a><\/p>\n<p><a href=\"http:\/\/fermebiodupetitsart.be\/wp-content\/uploads\/2014\/09\/P1180935.jpeg\"><img loading=\"lazy\" decoding=\"async\" src=\"http:\/\/fermebiodupetitsart.be\/wp-content\/uploads\/2014\/09\/P1180935.jpeg\" alt=\"P1180935\" width=\"640\" height=\"480\" class=\"alignnone size-full wp-image-176277262\" srcset=\"https:\/\/fermebiodupetitsart.be\/wp-content\/uploads\/2014\/09\/P1180935.jpeg 640w, https:\/\/fermebiodupetitsart.be\/wp-content\/uploads\/2014\/09\/P1180935-300x225.jpeg 300w\" sizes=\"auto, (max-width: 640px) 100vw, 640px\" \/><\/a><\/p>\n","protected":false},"excerpt":{"rendered":"<p>Le namurois, Jean-Baptiste Van den Broucke repart ce samedi 13 septembre rejoindre le campus universitaire de Louvain-La-Neuve. Au total, durant un mois, il a travaill\u00e9 avec notre \u00e9leveur agrobiologiste, Hubert et s\u00e9journ\u00e9 24 heures sur 24 \u00e0 la ferme bio &hellip; <a href=\"https:\/\/fermebiodupetitsart.be\/?p=176277257\">Continuer la lecture <span class=\"meta-nav\">&rarr;<\/span><\/a><\/p>\n","protected":false},"author":1,"featured_media":176277258,"comment_status":"closed","ping_status":"open","sticky":false,"template":"","format":"quote","meta":{"footnotes":""},"categories":[2],"tags":[],"class_list":["post-176277257","post","type-post","status-publish","format-quote","has-post-thumbnail","hentry","category-chez-nous","post_format-post-format-quote"],"_links":{"self":[{"href":"https:\/\/fermebiodupetitsart.be\/index.php?rest_route=\/wp\/v2\/posts\/176277257","targetHints":{"allow":["GET"]}}],"collection":[{"href":"https:\/\/fermebiodupetitsart.be\/index.php?rest_route=\/wp\/v2\/posts"}],"about":[{"href":"https:\/\/fermebiodupetitsart.be\/index.php?rest_route=\/wp\/v2\/types\/post"}],"author":[{"embeddable":true,"href":"https:\/\/fermebiodupetitsart.be\/index.php?rest_route=\/wp\/v2\/users\/1"}],"replies":[{"embeddable":true,"href":"https:\/\/fermebiodupetitsart.be\/index.php?rest_route=%2Fwp%2Fv2%2Fcomments&post=176277257"}],"version-history":[{"count":1,"href":"https:\/\/fermebiodupetitsart.be\/index.php?rest_route=\/wp\/v2\/posts\/176277257\/revisions"}],"predecessor-version":[{"id":176277263,"href":"https:\/\/fermebiodupetitsart.be\/index.php?rest_route=\/wp\/v2\/posts\/176277257\/revisions\/176277263"}],"wp:featuredmedia":[{"embeddable":true,"href":"https:\/\/fermebiodupetitsart.be\/index.php?rest_route=\/wp\/v2\/media\/176277258"}],"wp:attachment":[{"href":"https:\/\/fermebiodupetitsart.be\/index.php?rest_route=%2Fwp%2Fv2%2Fmedia&parent=176277257"}],"wp:term":[{"taxonomy":"category","embeddable":true,"href":"https:\/\/fermebiodupetitsart.be\/index.php?rest_route=%2Fwp%2Fv2%2Fcategories&post=176277257"},{"taxonomy":"post_tag","embeddable":true,"href":"https:\/\/fermebiodupetitsart.be\/index.php?rest_route=%2Fwp%2Fv2%2Ftags&post=176277257"}],"curies":[{"name":"wp","href":"https:\/\/api.w.org\/{rel}","templated":true}]}}