{"id":176277251,"date":"2014-09-12T15:03:08","date_gmt":"2014-09-12T13:03:08","guid":{"rendered":"http:\/\/fermebiodupetitsart.be\/?p=176277251"},"modified":"2015-01-14T14:25:01","modified_gmt":"2015-01-14T13:25:01","slug":"bientot-un-deuxieme-hangar-etable-de-360-m2-pour-les-limousines-de-la-ferme-bio-du-petit-sart","status":"publish","type":"post","link":"https:\/\/fermebiodupetitsart.be\/?p=176277251","title":{"rendered":"Bient\u00f4t,  un deuxi\u00e8me hangar \u00e9table de 360 m2 pour les Limousines de la Ferme Bio du Petit Sart"},"content":{"rendered":"<p>Ann\u00e9e apr\u00e8s ann\u00e9e, le troupeau de Hubert del Marmol s\u2019\u00e9toffe. Les 2 boxes  (dans le premier hangar) \u00e9taient devenus insuffisants pour accueillir en basse saison ses vaches, taureaux  et veaux de la Ferme bio du Petit-Sart.<br \/>\nD\u00e9but novembre, l\u2019\u00e9leveur bio de Sart-Biez disposera de 3 boxes suppl\u00e9mentaires aussi utiles qu\u2019indispensables pour faciliter les v\u00ealages, les sevrages, prot\u00e9ger les jeunes g\u00e9nisses des avances de Thierry (leur p\u00e8re Taureau), et garantir un engraissement paisibles pour les b\u00eates qui seront appel\u00e9es \u00e0 nourrir ses clients.<br \/>\n<a href=\"http:\/\/fermebiodupetitsart.be\/wp-content\/uploads\/2014\/09\/P1190067.jpeg\"><img loading=\"lazy\" decoding=\"async\" src=\"http:\/\/fermebiodupetitsart.be\/wp-content\/uploads\/2014\/09\/P1190067.jpeg\" alt=\"P1190067\" width=\"640\" height=\"480\" class=\"alignnone size-full wp-image-176277252\" srcset=\"https:\/\/fermebiodupetitsart.be\/wp-content\/uploads\/2014\/09\/P1190067.jpeg 640w, https:\/\/fermebiodupetitsart.be\/wp-content\/uploads\/2014\/09\/P1190067-300x225.jpeg 300w\" sizes=\"auto, (max-width: 640px) 100vw, 640px\" \/><\/a><\/p>\n<p><a href=\"http:\/\/fermebiodupetitsart.be\/wp-content\/uploads\/2014\/09\/P1140207.jpeg\"><img loading=\"lazy\" decoding=\"async\" src=\"http:\/\/fermebiodupetitsart.be\/wp-content\/uploads\/2014\/09\/P1140207.jpeg\" alt=\"P1140207\" width=\"640\" height=\"202\" class=\"alignnone size-full wp-image-176277253\" srcset=\"https:\/\/fermebiodupetitsart.be\/wp-content\/uploads\/2014\/09\/P1140207.jpeg 640w, https:\/\/fermebiodupetitsart.be\/wp-content\/uploads\/2014\/09\/P1140207-300x94.jpeg 300w\" sizes=\"auto, (max-width: 640px) 100vw, 640px\" \/><\/a><\/p>\n<p><a href=\"http:\/\/fermebiodupetitsart.be\/wp-content\/uploads\/2014\/09\/P1190011.jpeg\"><img loading=\"lazy\" decoding=\"async\" src=\"http:\/\/fermebiodupetitsart.be\/wp-content\/uploads\/2014\/09\/P1190011.jpeg\" alt=\"P1190011\" width=\"640\" height=\"480\" class=\"alignnone size-full wp-image-176277254\" srcset=\"https:\/\/fermebiodupetitsart.be\/wp-content\/uploads\/2014\/09\/P1190011.jpeg 640w, https:\/\/fermebiodupetitsart.be\/wp-content\/uploads\/2014\/09\/P1190011-300x225.jpeg 300w\" sizes=\"auto, (max-width: 640px) 100vw, 640px\" \/><\/a><\/p>\n<p><a href=\"http:\/\/fermebiodupetitsart.be\/wp-content\/uploads\/2014\/09\/P1180988.jpeg\"><img loading=\"lazy\" decoding=\"async\" src=\"http:\/\/fermebiodupetitsart.be\/wp-content\/uploads\/2014\/09\/P1180988.jpeg\" alt=\"P1180988\" width=\"640\" height=\"480\" class=\"alignnone size-full wp-image-176277255\" srcset=\"https:\/\/fermebiodupetitsart.be\/wp-content\/uploads\/2014\/09\/P1180988.jpeg 640w, https:\/\/fermebiodupetitsart.be\/wp-content\/uploads\/2014\/09\/P1180988-300x225.jpeg 300w\" sizes=\"auto, (max-width: 640px) 100vw, 640px\" \/><\/a><\/p>\n","protected":false},"excerpt":{"rendered":"<p>Ann\u00e9e apr\u00e8s ann\u00e9e, le troupeau de Hubert del Marmol s\u2019\u00e9toffe. Les 2 boxes (dans le premier hangar) \u00e9taient devenus insuffisants pour accueillir en basse saison ses vaches, taureaux et veaux de la Ferme bio du Petit-Sart. D\u00e9but novembre, l\u2019\u00e9leveur bio &hellip; <a href=\"https:\/\/fermebiodupetitsart.be\/?p=176277251\">Continuer la lecture <span class=\"meta-nav\">&rarr;<\/span><\/a><\/p>\n","protected":false},"author":1,"featured_media":176277254,"comment_status":"closed","ping_status":"open","sticky":false,"template":"","format":"standard","meta":{"footnotes":""},"categories":[2],"tags":[],"class_list":["post-176277251","post","type-post","status-publish","format-standard","has-post-thumbnail","hentry","category-chez-nous"],"_links":{"self":[{"href":"https:\/\/fermebiodupetitsart.be\/index.php?rest_route=\/wp\/v2\/posts\/176277251","targetHints":{"allow":["GET"]}}],"collection":[{"href":"https:\/\/fermebiodupetitsart.be\/index.php?rest_route=\/wp\/v2\/posts"}],"about":[{"href":"https:\/\/fermebiodupetitsart.be\/index.php?rest_route=\/wp\/v2\/types\/post"}],"author":[{"embeddable":true,"href":"https:\/\/fermebiodupetitsart.be\/index.php?rest_route=\/wp\/v2\/users\/1"}],"replies":[{"embeddable":true,"href":"https:\/\/fermebiodupetitsart.be\/index.php?rest_route=%2Fwp%2Fv2%2Fcomments&post=176277251"}],"version-history":[{"count":1,"href":"https:\/\/fermebiodupetitsart.be\/index.php?rest_route=\/wp\/v2\/posts\/176277251\/revisions"}],"predecessor-version":[{"id":176277256,"href":"https:\/\/fermebiodupetitsart.be\/index.php?rest_route=\/wp\/v2\/posts\/176277251\/revisions\/176277256"}],"wp:featuredmedia":[{"embeddable":true,"href":"https:\/\/fermebiodupetitsart.be\/index.php?rest_route=\/wp\/v2\/media\/176277254"}],"wp:attachment":[{"href":"https:\/\/fermebiodupetitsart.be\/index.php?rest_route=%2Fwp%2Fv2%2Fmedia&parent=176277251"}],"wp:term":[{"taxonomy":"category","embeddable":true,"href":"https:\/\/fermebiodupetitsart.be\/index.php?rest_route=%2Fwp%2Fv2%2Fcategories&post=176277251"},{"taxonomy":"post_tag","embeddable":true,"href":"https:\/\/fermebiodupetitsart.be\/index.php?rest_route=%2Fwp%2Fv2%2Ftags&post=176277251"}],"curies":[{"name":"wp","href":"https:\/\/api.w.org\/{rel}","templated":true}]}}