{"id":176277248,"date":"2014-07-14T16:45:47","date_gmt":"2014-07-14T14:45:47","guid":{"rendered":"http:\/\/fermebiodupetitsart.be\/?p=176277248"},"modified":"2015-01-14T14:25:01","modified_gmt":"2015-01-14T13:25:01","slug":"la-speculation-sur-les-terres-agricoles-fauche-les-fermiers","status":"publish","type":"post","link":"https:\/\/fermebiodupetitsart.be\/?p=176277248","title":{"rendered":"La sp\u00e9culation sur les terres agricoles fauche les fermiers"},"content":{"rendered":"<p>Le 19 f\u00e9vrier 2014, pr\u00e8s de 200 personnes se sont rassembl\u00e9es au Cin\u00e9-Grez de Grez-Doiceau pour visionner le film de Pierre Rabhi \u00ab Au nom de la Terre \u00bb. <\/p>\n<p>A la suite de la projection du film,   Carl Vandoorne, secr\u00e9taire de la section Brabant-Est de Nature &#038; Progr\u00e8s  lan\u00e7ait un appel aux responsables du C.P.A.S. et des Fabriques d\u2019Eglises sur Brabant-Wallon<br \/>\npour qu&rsquo;ils facilitent l\u2019acc\u00e8s \u00e0 la terre aux jeunes maraichers et agriculteurs bio, tr\u00e8s handicap\u00e9s dans leurs indispensables et belles vocations professionnelles,&#8230; par la sp\u00e9culation des terres agricoles dans les Ardennes Braban\u00e7onnes. <\/p>\n<p>Une nouvelle d\u00e9p\u00eache publi\u00e9e par la RTBf  d\u00e9nonce la m\u00eame d\u00e9rive dans le Hainaut.  TEXTO :<\/p>\n<p>La Sp\u00e9culation sur les terres agricoles fauche les fermiers <\/p>\n<p>Le ph\u00e9nom\u00e8ne n\u2019est pas neuf mais se propage : de gros investisseurs rach\u00e8tent des hectares de terre avant de les louer \u00e0 un prix trois ou quatre fois sup\u00e9rieur au prix du march\u00e9. Une pratique d\u00e9nonc\u00e9e par les fermiers, principales victimes de ce ph\u00e9nom\u00e8ne que l\u2019on rencontre un peu partout en Belgique, et donc \u00e9galement en Hainaut, province fort agricole.<br \/>\nPartons d\u2019un cas pr\u00e9cis pour illustrer le ph\u00e9nom\u00e8ne : \u00e0 Meslin-l\u2019\u00c9v\u00eaque, dans la r\u00e9gion athoise, le propri\u00e9taire de 150 hectares de terres agricoles vient de d\u00e9c\u00e9der. Les fermiers qui cultivent ces terres, neuf au total, proposent d\u00e8s lors de les racheter pour la somme de 25.000 \u20ac l\u2019hectare.<\/p>\n<p>Insuffisant ! estiment les h\u00e9ritiers qui se tournent alors vers une soci\u00e9t\u00e9 d\u2019investissements bas\u00e9e \u00e0 Courtrai, soci\u00e9t\u00e9 elle-m\u00eame active dans le monde agricole.<\/p>\n<p>Selon Philippe Duvivier, pr\u00e9sident de la FUGEA l\u2019une des principales f\u00e9d\u00e9rations d\u2019agriculteurs, \u00ab\u00a0cette soci\u00e9t\u00e9 d\u2019investissements parle maintenant d\u2019un montant de 40.000 \u20ac par hectare avec des conditions qui permettraient justement aux agriculteurs de louer les terres mais\u2026 \u00e0 trois fois le prix du montant du fermage actuel\u00a0\u00bb.<\/p>\n<p>Une pratique que le pr\u00e9sident de la FUGEA juge \u00ab\u00a0inadmissible surtout en changeant les modalit\u00e9s de location en nous \u00e9tranglant\u00a0\u00bb. Philippe Duvivier assure que des sc\u00e9narios comme celui-l\u00e0 se multiplient un peu partout en Belgique et massivement en Province de Hainaut, que ce soit dans la r\u00e9gion de Comines, de Mouscron, de Mons ou encore en Wallonie Picarde.<\/p>\n<p>Les fermiers d\u00e9noncent cette sp\u00e9culation galopante de leurs terres agricoles qui se traduit par une confiscation de leur outil de travail. Face \u00e0 ce ph\u00e9nom\u00e8ne, le secteur demande d\u00e8s lors en urgence une r\u00e9action du monde politique.<\/p>\n<p>Fabrice G\u00e9rard, Vincent Cl\u00e9rin (source : http:\/\/www.rtbf.be\/info\/regions\/detail_la-speculation-sur-les-terres-agricoles-fauche-les-fermiers?id=8313217) du vendredi 11 juillet 2014 \u00e0 12 h 07<\/p>\n","protected":false},"excerpt":{"rendered":"<p>Le 19 f\u00e9vrier 2014, pr\u00e8s de 200 personnes se sont rassembl\u00e9es au Cin\u00e9-Grez de Grez-Doiceau pour visionner le film de Pierre Rabhi \u00ab Au nom de la Terre \u00bb. A la suite de la projection du film, Carl Vandoorne, secr\u00e9taire &hellip; <a href=\"https:\/\/fermebiodupetitsart.be\/?p=176277248\">Continuer la lecture <span class=\"meta-nav\">&rarr;<\/span><\/a><\/p>\n","protected":false},"author":1,"featured_media":0,"comment_status":"closed","ping_status":"open","sticky":false,"template":"","format":"standard","meta":{"footnotes":""},"categories":[4,5],"tags":[],"class_list":["post-176277248","post","type-post","status-publish","format-standard","hentry","category-debat-de-societe","category-revue-de-presse"],"_links":{"self":[{"href":"https:\/\/fermebiodupetitsart.be\/index.php?rest_route=\/wp\/v2\/posts\/176277248","targetHints":{"allow":["GET"]}}],"collection":[{"href":"https:\/\/fermebiodupetitsart.be\/index.php?rest_route=\/wp\/v2\/posts"}],"about":[{"href":"https:\/\/fermebiodupetitsart.be\/index.php?rest_route=\/wp\/v2\/types\/post"}],"author":[{"embeddable":true,"href":"https:\/\/fermebiodupetitsart.be\/index.php?rest_route=\/wp\/v2\/users\/1"}],"replies":[{"embeddable":true,"href":"https:\/\/fermebiodupetitsart.be\/index.php?rest_route=%2Fwp%2Fv2%2Fcomments&post=176277248"}],"version-history":[{"count":1,"href":"https:\/\/fermebiodupetitsart.be\/index.php?rest_route=\/wp\/v2\/posts\/176277248\/revisions"}],"predecessor-version":[{"id":176277249,"href":"https:\/\/fermebiodupetitsart.be\/index.php?rest_route=\/wp\/v2\/posts\/176277248\/revisions\/176277249"}],"wp:attachment":[{"href":"https:\/\/fermebiodupetitsart.be\/index.php?rest_route=%2Fwp%2Fv2%2Fmedia&parent=176277248"}],"wp:term":[{"taxonomy":"category","embeddable":true,"href":"https:\/\/fermebiodupetitsart.be\/index.php?rest_route=%2Fwp%2Fv2%2Fcategories&post=176277248"},{"taxonomy":"post_tag","embeddable":true,"href":"https:\/\/fermebiodupetitsart.be\/index.php?rest_route=%2Fwp%2Fv2%2Ftags&post=176277248"}],"curies":[{"name":"wp","href":"https:\/\/api.w.org\/{rel}","templated":true}]}}