{"id":176277225,"date":"2014-05-14T15:58:06","date_gmt":"2014-05-14T13:58:06","guid":{"rendered":"http:\/\/fermebiodupetitsart.be\/?p=176277225"},"modified":"2015-01-14T14:25:01","modified_gmt":"2015-01-14T13:25:01","slug":"176277225","status":"publish","type":"post","link":"https:\/\/fermebiodupetitsart.be\/?p=176277225","title":{"rendered":"Pierre Rabhi acceuille chez lui Hubert del Marmol"},"content":{"rendered":"<p>Mercredi 7 mai 2014, Pierre Rabhi a re\u00e7u Hubert chez lui \u00e0 Lablach\u00e8re. La rencontre, facilit\u00e9e par la complicit\u00e9 de son \u00e9pouse Mich\u00e8le Rabhi-Bouclet, devait initialement durer dix minutes. Finalement, elle a d\u00e9pass\u00e9 largement l\u2019heure trente !<\/p>\n<p>C\u2019est que le c\u00e9l\u00e8bre paysan, \u00e9crivain et penseur-humaniste ard\u00e9chois, et l\u2019\u00e9leveur-agrobilologiste de la Ferme Bio du Petit Sart avaient \u00e0 partager un ordre du jour plut\u00f4t charg\u00e9 d\u2019enjeux et de projets d\u2019avenir communs \u00e0 planifier. <\/p>\n<p>A sa sortie Hubert dira \u00ab  ce fut une  premi\u00e8re rencontre priv\u00e9e &#8211; en t\u00eate \u00e0 t\u00eate &#8211; tr\u00e8s chouette et humainement inoubliable \u00bb . \u00ab  Elle fut remplie de propos denses et parfois sur le ton de confidences partag\u00e9es en belles confiances r\u00e9ciproques et mutuelles \u00ab\u00a0. \u00ab  Nous sommes appel\u00e9 \u00e0 nous revoir dans les prochains mois \u00ab\u00a0.<\/p>\n<p><a href=\"http:\/\/fermebiodupetitsart.be\/wp-content\/uploads\/2014\/05\/P1120110.jpeg\"><img loading=\"lazy\" decoding=\"async\" src=\"http:\/\/fermebiodupetitsart.be\/wp-content\/uploads\/2014\/05\/P1120110-300x216.jpeg\" alt=\"P1120110\" width=\"300\" height=\"216\" class=\"alignnone size-medium wp-image-176277226\" srcset=\"https:\/\/fermebiodupetitsart.be\/wp-content\/uploads\/2014\/05\/P1120110-300x216.jpeg 300w, https:\/\/fermebiodupetitsart.be\/wp-content\/uploads\/2014\/05\/P1120110-1024x738.jpeg 1024w, https:\/\/fermebiodupetitsart.be\/wp-content\/uploads\/2014\/05\/P1120110.jpeg 1280w\" sizes=\"auto, (max-width: 300px) 100vw, 300px\" \/><\/a><\/p>\n<p>Hubert del Marmol l\u2019\u00e9leveur bio de limousines et \u00ab  le sage \u00bb paysan Pierre Rabhi . Deux passionn\u00e9s et amoureux de la Terre nourrici\u00e8re, l\u2019un engag\u00e9 \u00e0 Grez-Doiceau et l\u2019autre paysan-\u00e9crivain-globe-trotter qui s\u2019est donn\u00e9 depuis quarante ans pour servir aux quatre coins du monde, l\u2019Homme et la Nature.  (Photo : M\u00e9dialogues\/Carl Vandoorne)<\/p>\n<p><a href=\"http:\/\/fermebiodupetitsart.be\/wp-content\/uploads\/2014\/05\/P1120114.jpeg\"><img loading=\"lazy\" decoding=\"async\" src=\"http:\/\/fermebiodupetitsart.be\/wp-content\/uploads\/2014\/05\/P1120114-300x199.jpeg\" alt=\"P1120114\" width=\"300\" height=\"199\" class=\"alignnone size-medium wp-image-176277227\" srcset=\"https:\/\/fermebiodupetitsart.be\/wp-content\/uploads\/2014\/05\/P1120114-300x199.jpeg 300w, https:\/\/fermebiodupetitsart.be\/wp-content\/uploads\/2014\/05\/P1120114-1024x681.jpeg 1024w, https:\/\/fermebiodupetitsart.be\/wp-content\/uploads\/2014\/05\/P1120114.jpeg 1280w\" sizes=\"auto, (max-width: 300px) 100vw, 300px\" \/><\/a><\/p>\n<p> Hubert del Marmol en dialogue avec Mich\u00e8le et Pierre Rabhi dans leur paisible propri\u00e9t\u00e9. Ce dernier, expert international en s\u00e9curit\u00e9 alimentaire, mobilise tous ses amis \u00e0 l\u2019\u00e9veil des consciences pour construire un nouveau mod\u00e8le de soci\u00e9t\u00e9 o\u00f9 une \u00ab sobri\u00e9t\u00e9 heureuse \u00bb se substituerait \u00e0 la surconsommation et au mal-\u00eatre des civilisations contemporaines. (Photo : M\u00e9dialogues\/CVd)<\/p>\n","protected":false},"excerpt":{"rendered":"<p>Mercredi 7 mai 2014, Pierre Rabhi a re\u00e7u Hubert chez lui \u00e0 Lablach\u00e8re. La rencontre, facilit\u00e9e par la complicit\u00e9 de son \u00e9pouse Mich\u00e8le Rabhi-Bouclet, devait initialement durer dix minutes. Finalement, elle a d\u00e9pass\u00e9 largement l\u2019heure trente ! C\u2019est que le &hellip; <a href=\"https:\/\/fermebiodupetitsart.be\/?p=176277225\">Continuer la lecture <span class=\"meta-nav\">&rarr;<\/span><\/a><\/p>\n","protected":false},"author":1,"featured_media":176277226,"comment_status":"closed","ping_status":"open","sticky":false,"template":"","format":"standard","meta":{"footnotes":""},"categories":[2,4],"tags":[],"class_list":["post-176277225","post","type-post","status-publish","format-standard","has-post-thumbnail","hentry","category-chez-nous","category-debat-de-societe"],"_links":{"self":[{"href":"https:\/\/fermebiodupetitsart.be\/index.php?rest_route=\/wp\/v2\/posts\/176277225","targetHints":{"allow":["GET"]}}],"collection":[{"href":"https:\/\/fermebiodupetitsart.be\/index.php?rest_route=\/wp\/v2\/posts"}],"about":[{"href":"https:\/\/fermebiodupetitsart.be\/index.php?rest_route=\/wp\/v2\/types\/post"}],"author":[{"embeddable":true,"href":"https:\/\/fermebiodupetitsart.be\/index.php?rest_route=\/wp\/v2\/users\/1"}],"replies":[{"embeddable":true,"href":"https:\/\/fermebiodupetitsart.be\/index.php?rest_route=%2Fwp%2Fv2%2Fcomments&post=176277225"}],"version-history":[{"count":2,"href":"https:\/\/fermebiodupetitsart.be\/index.php?rest_route=\/wp\/v2\/posts\/176277225\/revisions"}],"predecessor-version":[{"id":176277229,"href":"https:\/\/fermebiodupetitsart.be\/index.php?rest_route=\/wp\/v2\/posts\/176277225\/revisions\/176277229"}],"wp:featuredmedia":[{"embeddable":true,"href":"https:\/\/fermebiodupetitsart.be\/index.php?rest_route=\/wp\/v2\/media\/176277226"}],"wp:attachment":[{"href":"https:\/\/fermebiodupetitsart.be\/index.php?rest_route=%2Fwp%2Fv2%2Fmedia&parent=176277225"}],"wp:term":[{"taxonomy":"category","embeddable":true,"href":"https:\/\/fermebiodupetitsart.be\/index.php?rest_route=%2Fwp%2Fv2%2Fcategories&post=176277225"},{"taxonomy":"post_tag","embeddable":true,"href":"https:\/\/fermebiodupetitsart.be\/index.php?rest_route=%2Fwp%2Fv2%2Ftags&post=176277225"}],"curies":[{"name":"wp","href":"https:\/\/api.w.org\/{rel}","templated":true}]}}