{"id":176277177,"date":"2014-03-12T16:54:05","date_gmt":"2014-03-12T15:54:05","guid":{"rendered":"http:\/\/fermebiodupetitsart.be\/?p=176277177"},"modified":"2022-11-04T08:56:25","modified_gmt":"2022-11-04T07:56:25","slug":"le-parlement-europeen-enterre-un-projet-europeen-sur-les-semences","status":"publish","type":"post","link":"https:\/\/fermebiodupetitsart.be\/?p=176277177","title":{"rendered":"Le Parlement europ\u00e9en enterre un projet europ\u00e9en sur les semences"},"content":{"rendered":"<p>Le Parlement europ\u00e9en enterre un projet europ\u00e9en sur les semences<br \/>\nmardi 11 mars 2014 \u00e0 15h51<br \/>\n(Belga) Le Parlement europ\u00e9en a rejet\u00e9 mardi \u00e0 une quasi unanimit\u00e9 de 650 voix contre 15 un projet controvers\u00e9 de la Commission europ\u00e9enne cens\u00e9 \u00ab\u00a0simplifier\u00a0\u00bb la commercialisation des semences agricoles en Europe.<\/p>\n<p>Le Parlement europ\u00e9en enterre un projet europ\u00e9en sur les semences<br \/>\nLe texte \u00e9tait d\u00e9cri\u00e9 tant par les g\u00e9ants de l&rsquo;industrie des semences que les agriculteurs et les \u00e9cologistes qui voyaient dans le projet une menace pour la diversit\u00e9 g\u00e9n\u00e9tique, et donc la biodiversit\u00e9. L&rsquo;ambition de la Commission \u00e9tait de couler en un seul texte pas moins de 12 directives europ\u00e9ennes existantes sur le production et le commerce de semences. Malgr\u00e9 l&rsquo;opposition du Parlement, l&rsquo;ex\u00e9cutif europ\u00e9en s&rsquo;est refus\u00e9 \u00e0 retirer sa proposition. \u00ab\u00a0Vu l&rsquo;attitude pour le moins arrogante et le lobbying du commissaire comp\u00e9tent Tonio Borg, je crains que les m\u00eames propositions reviendront apr\u00e8s les \u00e9lections europ\u00e9ennes\u00a0\u00bb, a r\u00e9agi mardi le d\u00e9put\u00e9 belge Bart Staes (Groen). Si les ministres europ\u00e9ens se rallient au point de vue du Parlement, le projet devra alors \u00eatre enterr\u00e9. La Commission pourrait toutefois formuler une proposition lors de la prochaine l\u00e9gislature europ\u00e9enne et relancer la machine l\u00e9gislative. Selon la Commission, le texte visait \u00e0 harmoniser et acc\u00e9l\u00e9rer le processus d&rsquo;enregistrement des semences sur le catalogue officiel europ\u00e9en qui recense les quelque 30.000 vari\u00e9t\u00e9s autoris\u00e9es \u00e0 la culture au sein de l&rsquo;UE afin notamment d&rsquo;am\u00e9liorer la s\u00e9curit\u00e9 de production et de la cha\u00eene alimentaire. (Belga)<\/p>\n<p><a href=\"http:\/\/www.levif.be\/info\/belga-politique\/le-parlement-europeen-enterre-un-projet-europeen-sur-les-semences\/article-4000555021758.htm\" target=\"_blank\" rel=\"noopener\">lien vers l&rsquo;article<\/a><\/p>\n","protected":false},"excerpt":{"rendered":"<p>Le Parlement europ\u00e9en enterre un projet europ\u00e9en sur les semences mardi 11 mars 2014 \u00e0 15h51 (Belga) Le Parlement europ\u00e9en a rejet\u00e9 mardi \u00e0 une quasi unanimit\u00e9 de 650 voix contre 15 un projet controvers\u00e9 de la Commission europ\u00e9enne cens\u00e9 &hellip; <a href=\"https:\/\/fermebiodupetitsart.be\/?p=176277177\">Continuer la lecture <span class=\"meta-nav\">&rarr;<\/span><\/a><\/p>\n","protected":false},"author":1,"featured_media":176277718,"comment_status":"closed","ping_status":"open","sticky":false,"template":"","format":"standard","meta":{"footnotes":""},"categories":[4,5],"tags":[],"class_list":["post-176277177","post","type-post","status-publish","format-standard","has-post-thumbnail","hentry","category-debat-de-societe","category-revue-de-presse"],"_links":{"self":[{"href":"https:\/\/fermebiodupetitsart.be\/index.php?rest_route=\/wp\/v2\/posts\/176277177","targetHints":{"allow":["GET"]}}],"collection":[{"href":"https:\/\/fermebiodupetitsart.be\/index.php?rest_route=\/wp\/v2\/posts"}],"about":[{"href":"https:\/\/fermebiodupetitsart.be\/index.php?rest_route=\/wp\/v2\/types\/post"}],"author":[{"embeddable":true,"href":"https:\/\/fermebiodupetitsart.be\/index.php?rest_route=\/wp\/v2\/users\/1"}],"replies":[{"embeddable":true,"href":"https:\/\/fermebiodupetitsart.be\/index.php?rest_route=%2Fwp%2Fv2%2Fcomments&post=176277177"}],"version-history":[{"count":2,"href":"https:\/\/fermebiodupetitsart.be\/index.php?rest_route=\/wp\/v2\/posts\/176277177\/revisions"}],"predecessor-version":[{"id":176277927,"href":"https:\/\/fermebiodupetitsart.be\/index.php?rest_route=\/wp\/v2\/posts\/176277177\/revisions\/176277927"}],"wp:featuredmedia":[{"embeddable":true,"href":"https:\/\/fermebiodupetitsart.be\/index.php?rest_route=\/wp\/v2\/media\/176277718"}],"wp:attachment":[{"href":"https:\/\/fermebiodupetitsart.be\/index.php?rest_route=%2Fwp%2Fv2%2Fmedia&parent=176277177"}],"wp:term":[{"taxonomy":"category","embeddable":true,"href":"https:\/\/fermebiodupetitsart.be\/index.php?rest_route=%2Fwp%2Fv2%2Fcategories&post=176277177"},{"taxonomy":"post_tag","embeddable":true,"href":"https:\/\/fermebiodupetitsart.be\/index.php?rest_route=%2Fwp%2Fv2%2Ftags&post=176277177"}],"curies":[{"name":"wp","href":"https:\/\/api.w.org\/{rel}","templated":true}]}}