{"id":176277146,"date":"2014-02-03T07:44:58","date_gmt":"2014-02-03T06:44:58","guid":{"rendered":"http:\/\/fermebiodupetitsart.be\/?p=176277146"},"modified":"2015-01-14T14:25:01","modified_gmt":"2015-01-14T13:25:01","slug":"a-paques-soyez-stages-2","status":"publish","type":"post","link":"https:\/\/fermebiodupetitsart.be\/?p=176277146","title":{"rendered":"\u00e0 P\u00e2ques, soyez stages!"},"content":{"rendered":"<p>S\u2019INITIER AU JARDINAGE BIO  EN 5 JOURS,<br \/>\nC\u2019EST POSSIBLE.<\/p>\n<p>&#8211; Comment d\u00e9marrer un jardin bio ?<br \/>\n&#8211; Pourquoi produire son alimentation et quelle incidence pour la soci\u00e9t\u00e9 ?<br \/>\n&#8211; Comment jardiner  son lopin dans le plus grand respect de l\u2019environnement et le d\u00e9veloppement de notre biodiversit\u00e9, sans engrais, ni pesticides ?<br \/>\n&#8211; Comment cultiver des laitues, carottes, poireaux, pois, oignons, tomates, pommes de terres, herbes aromatiques et fleurs bio ?<br \/>\n&#8211; Pourquoi  id\u00e9alement entourer son potager d\u2019arbres fruitiers ou de petites haies ?<\/p>\n<p>Bient\u00f4t les vacances de P\u00e2ques\u2026  Sur un plateau agricole particuli\u00e8rement calme et reposant, voici deux stages de formation Bio organis\u00e9s en Brabant-Wallon et destin\u00e9s aux enfants\u2026 adolescents, parents ou\/et pour les grands parents. Attention : seuls les 40 premiers inscrits (2 x 20 participants) auront la chance de vivre  ces stages pratiques et \u2026interg\u00e9n\u00e9rationnels ! Un plus p\u00e9dagogique assur\u00e9ment. \u00ab\u00a0Cette initiative-pilote &#8211; souligne Hubert del Marmol, agrobilologiste &#8211; est fond\u00e9e sur la rencontre, la solidarit\u00e9, le passage de savoirs ou de m\u00e9moire entre les g\u00e9n\u00e9rations avec comme pari d&rsquo;encourager des relations r\u00e9ciproques et durables, tout en stimulant les petites solidarit\u00e9s quotidiennes qui cr\u00e9ent du lien au plan local\u00a0\u00bb.<br \/>\n<a href=\"http:\/\/fermebiodupetitsart.be\/wp-content\/uploads\/2013\/04\/p1110789.jpeg\"><img loading=\"lazy\" decoding=\"async\" src=\"http:\/\/fermebiodupetitsart.be\/wp-content\/uploads\/2013\/04\/p1110789-300x225.jpeg\" alt=\"p1110789\" width=\"300\" height=\"225\" class=\"alignnone size-medium wp-image-176276591\" srcset=\"https:\/\/fermebiodupetitsart.be\/wp-content\/uploads\/2013\/04\/p1110789-300x225.jpeg 300w, https:\/\/fermebiodupetitsart.be\/wp-content\/uploads\/2013\/04\/p1110789.jpeg 320w\" sizes=\"auto, (max-width: 300px) 100vw, 300px\" \/><\/a><br \/>\nLa \u00abFerme Bio P\u00e9dagogique \u00bb (La premi\u00e8re en Brabant-Wallon !),  en partenariat avec Cercle  Horticole bio Tournesol et Nature &#038; Progr\u00e8s (Brabant Est) ambitionne de permettre \u00e0 des citoyens (\u00e2g\u00e9s de 8 \u00e0\u2026 88 ans !) de s\u2019initier aux bonnes pratiques potag\u00e8res et de se r\u00e9approprier sant\u00e9 et saveurs alimentaires.<\/p>\n<p>Au terme de cette formation de 5 jours (trois jours durant les cong\u00e9s de P\u00e2ques puis deux journ\u00e9es programm\u00e9es s\u00e9par\u00e9es d\u2019environ 8 semaines lors des cong\u00e9s), les participants d\u00e9couvriront les principales et diverses techniques pour la cr\u00e9ation d\u2019un  \u00ab potager bio \u00bb. La formation portera sur la culture de l\u00e9gumes (parfois oubli\u00e9s) d\u2019hier et d\u2019aujourd\u2019hui, d\u2019aromates mais aussi de fleurs bio (comestibles ou non).<\/p>\n<p>Au terme du cinqui\u00e8me jour de formations ludiques et pratiques, chaque participant &#8211; en guise de r\u00e9compense &#8211;  aura le plaisir de ramener chez lui 5 \u00e0 10 kg de ses propres l\u00e9gumes cultiv\u00e9s bio. Belle aubaine que de pouvoir faire profiter sa famille et ses proches de d\u00e9gustations de bons et savoureux l\u00e9gumes biologiques !<br \/>\n<a href=\"http:\/\/fermebiodupetitsart.be\/wp-content\/uploads\/2013\/04\/p1060441-jpeg-scaled-1000.jpg\"><img loading=\"lazy\" decoding=\"async\" src=\"http:\/\/fermebiodupetitsart.be\/wp-content\/uploads\/2013\/04\/p1060441-jpeg-scaled-1000-217x300.jpg\" alt=\"p1060441-jpeg-scaled-1000\" width=\"217\" height=\"300\" class=\"alignnone size-medium wp-image-176093256\" srcset=\"https:\/\/fermebiodupetitsart.be\/wp-content\/uploads\/2013\/04\/p1060441-jpeg-scaled-1000-217x300.jpg 217w, https:\/\/fermebiodupetitsart.be\/wp-content\/uploads\/2013\/04\/p1060441-jpeg-scaled-1000-624x859.jpg 624w, https:\/\/fermebiodupetitsart.be\/wp-content\/uploads\/2013\/04\/p1060441-jpeg-scaled-1000.jpg 726w\" sizes=\"auto, (max-width: 217px) 100vw, 217px\" \/><\/a> <\/p>\n<p>QUAND ?<br \/>\nPremier stage :  les lundi 7 avril , mardi 8 et mercredi 9 avril  (+ deux journ\u00e9es de suivi programm\u00e9es  \u00e0 l\u2019ascension le jeudi f\u00e9ri\u00e9 29 mai, puis un dernier jour de r\u00e9coltes en \u00e9t\u00e9)  et<br \/>\nDeuxi\u00e8me stage : les lundi  14 avril, mardi 15 et mercredi 16 avril (+ deux journ\u00e9es une le 9 juin (lundi f\u00e9ri\u00e9) puis un dernier jour pour les r\u00e9coltes en \u00e9t\u00e9),  de 9 \u00e0 17 heures 30.<\/p>\n<p>O U ?<br \/>\nCes stages sont organis\u00e9s, sur les terres agricoles d\u2019Hubert del Marmol, agro-biologiste et dans le corps de sa Ferme Bio du Petit Sart,  75, rue du Petit Sart \u00e0 1390 Grez-Doiceau. (co-voiturage possible  et vivement encourag\u00e9)<\/p>\n<p>PARTICIPATION AUX FRAIS ? Pour la formation, fourniture des semences bio et pr\u00eat des outils de jardinage, formateurs et intervenants notamment sur les atouts qu\u2019offre la Permaculture,  visite guid\u00e9e de jardins, collations et assurances : 145 euros (soit 3,62 euros seulement par heure de stage)<\/p>\n<p>INSCRIPTIONS   ?<br \/>\nUniquement via le versement des cent quarante-cinq euros (145 \u20ac) sur le compte Dexia  IBAN: BE15 0688 9239 0630  de la \u00abFerme Bio P\u00e9dagogique \u00bb  75, rue du Petit Sart \u00e0 1390 Grez-Doiceau. T\u00e9l : 010-60.10.16 ou  0479-17.18.27<br \/>\n&#8211;        ou  mieux et plus \u00e9conomique : 120 euros gr\u00e2ce \u00e0 votre adh\u00e9sion \u00e0 Nature et Progr\u00e8s (Est-Brabant-Wallon)  ou \u00e0 l\u2019 asbl  Cercle Horticole biologique TournesoI<br \/>\n&#8211;        Infos sur le site  www.fermebiodupetitsart.be<br \/>\n<a href=\"http:\/\/fermebiodupetitsart.be\/wp-content\/uploads\/2013\/04\/p1060427-jpeg-scaled-1000.jpg\"><img loading=\"lazy\" decoding=\"async\" src=\"http:\/\/fermebiodupetitsart.be\/wp-content\/uploads\/2013\/04\/p1060427-jpeg-scaled-1000-300x225.jpg\" alt=\"p1060427-jpeg-scaled-1000\" width=\"300\" height=\"225\" class=\"alignnone size-medium wp-image-176093219\" srcset=\"https:\/\/fermebiodupetitsart.be\/wp-content\/uploads\/2013\/04\/p1060427-jpeg-scaled-1000-300x225.jpg 300w, https:\/\/fermebiodupetitsart.be\/wp-content\/uploads\/2013\/04\/p1060427-jpeg-scaled-1000-624x468.jpg 624w, https:\/\/fermebiodupetitsart.be\/wp-content\/uploads\/2013\/04\/p1060427-jpeg-scaled-1000.jpg 1000w\" sizes=\"auto, (max-width: 300px) 100vw, 300px\" \/><\/a><\/p>\n","protected":false},"excerpt":{"rendered":"<p>S\u2019INITIER AU JARDINAGE BIO EN 5 JOURS, C\u2019EST POSSIBLE. &#8211; Comment d\u00e9marrer un jardin bio ? &#8211; Pourquoi produire son alimentation et quelle incidence pour la soci\u00e9t\u00e9 ? &#8211; Comment jardiner son lopin dans le plus grand respect de l\u2019environnement &hellip; <a href=\"https:\/\/fermebiodupetitsart.be\/?p=176277146\">Continuer la lecture <span class=\"meta-nav\">&rarr;<\/span><\/a><\/p>\n","protected":false},"author":1,"featured_media":176276989,"comment_status":"closed","ping_status":"open","sticky":false,"template":"","format":"standard","meta":{"footnotes":""},"categories":[2],"tags":[],"class_list":["post-176277146","post","type-post","status-publish","format-standard","has-post-thumbnail","hentry","category-chez-nous"],"_links":{"self":[{"href":"https:\/\/fermebiodupetitsart.be\/index.php?rest_route=\/wp\/v2\/posts\/176277146","targetHints":{"allow":["GET"]}}],"collection":[{"href":"https:\/\/fermebiodupetitsart.be\/index.php?rest_route=\/wp\/v2\/posts"}],"about":[{"href":"https:\/\/fermebiodupetitsart.be\/index.php?rest_route=\/wp\/v2\/types\/post"}],"author":[{"embeddable":true,"href":"https:\/\/fermebiodupetitsart.be\/index.php?rest_route=\/wp\/v2\/users\/1"}],"replies":[{"embeddable":true,"href":"https:\/\/fermebiodupetitsart.be\/index.php?rest_route=%2Fwp%2Fv2%2Fcomments&post=176277146"}],"version-history":[{"count":1,"href":"https:\/\/fermebiodupetitsart.be\/index.php?rest_route=\/wp\/v2\/posts\/176277146\/revisions"}],"predecessor-version":[{"id":176277147,"href":"https:\/\/fermebiodupetitsart.be\/index.php?rest_route=\/wp\/v2\/posts\/176277146\/revisions\/176277147"}],"wp:featuredmedia":[{"embeddable":true,"href":"https:\/\/fermebiodupetitsart.be\/index.php?rest_route=\/wp\/v2\/media\/176276989"}],"wp:attachment":[{"href":"https:\/\/fermebiodupetitsart.be\/index.php?rest_route=%2Fwp%2Fv2%2Fmedia&parent=176277146"}],"wp:term":[{"taxonomy":"category","embeddable":true,"href":"https:\/\/fermebiodupetitsart.be\/index.php?rest_route=%2Fwp%2Fv2%2Fcategories&post=176277146"},{"taxonomy":"post_tag","embeddable":true,"href":"https:\/\/fermebiodupetitsart.be\/index.php?rest_route=%2Fwp%2Fv2%2Ftags&post=176277146"}],"curies":[{"name":"wp","href":"https:\/\/api.w.org\/{rel}","templated":true}]}}