{"id":176277107,"date":"2013-10-09T07:44:04","date_gmt":"2013-10-09T05:44:04","guid":{"rendered":"http:\/\/fermebiodupetitsart.be\/?p=176277107"},"modified":"2015-01-14T14:25:01","modified_gmt":"2015-01-14T13:25:01","slug":"3-cars-tennoodois-en-visite-de-solidarite-a-la-ferme-bio-du-petit-sart","status":"publish","type":"post","link":"https:\/\/fermebiodupetitsart.be\/?p=176277107","title":{"rendered":"3 cars tennoodois en visite de solidarit\u00e9 \u00e0 la Ferme Bio du Petit Sart !"},"content":{"rendered":"<p>3 cars tennoodois en visite de solidarit\u00e9 \u00e0 la Ferme Bio du Petit Sart !<\/p>\n<p>Eric Jassin est \u00e9chevin \u00e0 Saint Josse en charge notamment des Relations Internationales\u00a0 et de la Coop\u00e9ration. Avec son \u00e9quipe, il a souhait\u00e9 participer activement \u00e0 la 12\u00e8me Semaine du Commerce Equitable, en sensibilisant du 2 au 12 octobre ses concitoyens sur le commerce et les produits \u00e9quitables, au niveau belge et local. Par son action, l&rsquo;Echevin bruxellois entend valoriser le travail des producteurs locaux et multiplier les contacts avec les consommateurs.<\/p>\n<p>C&rsquo;est dans cet objectif, que second\u00e9 par le DESLI (D\u00e9partement des Solidarit\u00e9s Locales et Internationales), l&rsquo;Echevin Jassin a permis \u00e0 pr\u00e8s d&rsquo;une centaine de tennoodois de participer activement ces mardi 8, mercredi 9 et jeudi 10 octobre \u00e0 trois visites-rencontres \u00e0 la Ferme Bio du Petit Sart de Grez-Doiceau.<\/p>\n<p>Accueillis par Hubert del Marmol,\u00a0 agro-biologiste et son \u00e9quipe, les visiteurs ont pu d\u00e9couvrir toutes les sp\u00e9cificit\u00e9s et les exigences de l&rsquo;\u00e9levage, du mara\u00eechage et\u00a0 de l&rsquo;agriculture biologique. Les visiteurs bruxellois ont pu constater l&rsquo;originalit\u00e9 de cette ferme pilote bio qui se veut r\u00e9solument ouverte (aux jeunes maraichers locaux), p\u00e9dagogique (avec les stages interg\u00e9n\u00e9rationels de jardinage bio qui sont organis\u00e9s depuis 5 ans \u00e0 P\u00e2ques) et exp\u00e9rimentale (dans ses pratiques culturales comme dans la conception du nouveau corps de ferme, basse \u00e9nergie et visant \u00e0 l&rsquo;autonomie \u00e9nerg\u00e9tique).<\/p>\n<p>Gageons qu&rsquo;apr\u00e8s cette rencontre avec les producteurs bio, ces consommateurs bruxellois seront davantage sensibles \u00e0 acheter au juste prix des l\u00e9gumes et viandes savoureuses, naturels exempts de tout produit chimique si nuisible pour notre sant\u00e9 et celle de la plan\u00e8te.<br \/>\n<a href=\"http:\/\/fermebiodupetitsart.be\/wp-content\/uploads\/2013\/10\/P1090776.jpeg\"><img loading=\"lazy\" decoding=\"async\" src=\"http:\/\/fermebiodupetitsart.be\/wp-content\/uploads\/2013\/10\/P1090776-300x225.jpeg\" alt=\"P1090776\" width=\"300\" height=\"225\" class=\"alignnone size-medium wp-image-176277109\" srcset=\"https:\/\/fermebiodupetitsart.be\/wp-content\/uploads\/2013\/10\/P1090776-300x225.jpeg 300w, https:\/\/fermebiodupetitsart.be\/wp-content\/uploads\/2013\/10\/P1090776.jpeg 640w\" sizes=\"auto, (max-width: 300px) 100vw, 300px\" \/><\/a><\/p>\n<p>A l&rsquo;issue de la rencontre fructueuse, plusieurs participants ont annonc\u00e9 leur intention de revenir (avec leurs familles) visiter cette ferme mod\u00e8le bio le 11 novembre prochain \u00e0 la faveur de la Porte Ouverte organis\u00e9e par Nature &#038; progr\u00e8s.<br \/>\n<a href=\"http:\/\/fermebiodupetitsart.be\/wp-content\/uploads\/2013\/10\/P1090735.jpeg\"><img loading=\"lazy\" decoding=\"async\" src=\"http:\/\/fermebiodupetitsart.be\/wp-content\/uploads\/2013\/10\/P1090735-300x225.jpeg\" alt=\"P1090735\" width=\"300\" height=\"225\" class=\"alignnone size-medium wp-image-176277110\" srcset=\"https:\/\/fermebiodupetitsart.be\/wp-content\/uploads\/2013\/10\/P1090735-300x225.jpeg 300w, https:\/\/fermebiodupetitsart.be\/wp-content\/uploads\/2013\/10\/P1090735.jpeg 640w\" sizes=\"auto, (max-width: 300px) 100vw, 300px\" \/><\/a><\/p>\n<p>\u00ab\u00a0Eric  Jassin  : \u00ab\u00a0Dans solidarit\u00e9, il y a solide ; ce n\u2019est pas un hasard. On est certainement plus fort, plus solide quand on est solidaire. Plus que jamais, les occasions de manifester sa solidarit\u00e9 ne manquent pas, ici ou ailleurs.  A Saint-Josse, peut-\u00eatre plus qu\u2019ailleurs en Belgique, toutes ces petites occasions d\u2019\u00eatre solide-solidaire, ont du sens\u00a0\u00bb.<\/p>\n<p><a href=\"http:\/\/fermebiodupetitsart.be\/wp-content\/uploads\/2013\/10\/P1090728.jpeg\"><img loading=\"lazy\" decoding=\"async\" src=\"http:\/\/fermebiodupetitsart.be\/wp-content\/uploads\/2013\/10\/P1090728-300x225.jpeg\" alt=\"P1090728\" width=\"300\" height=\"225\" class=\"alignnone size-medium wp-image-176277111\" srcset=\"https:\/\/fermebiodupetitsart.be\/wp-content\/uploads\/2013\/10\/P1090728-300x225.jpeg 300w, https:\/\/fermebiodupetitsart.be\/wp-content\/uploads\/2013\/10\/P1090728.jpeg 640w\" sizes=\"auto, (max-width: 300px) 100vw, 300px\" \/><\/a><\/p>\n","protected":false},"excerpt":{"rendered":"<p>3 cars tennoodois en visite de solidarit\u00e9 \u00e0 la Ferme Bio du Petit Sart ! Eric Jassin est \u00e9chevin \u00e0 Saint Josse en charge notamment des Relations Internationales\u00a0 et de la Coop\u00e9ration. Avec son \u00e9quipe, il a souhait\u00e9 participer activement &hellip; <a href=\"https:\/\/fermebiodupetitsart.be\/?p=176277107\">Continuer la lecture <span class=\"meta-nav\">&rarr;<\/span><\/a><\/p>\n","protected":false},"author":1,"featured_media":176277110,"comment_status":"closed","ping_status":"open","sticky":false,"template":"","format":"standard","meta":{"footnotes":""},"categories":[2],"tags":[],"class_list":["post-176277107","post","type-post","status-publish","format-standard","has-post-thumbnail","hentry","category-chez-nous"],"_links":{"self":[{"href":"https:\/\/fermebiodupetitsart.be\/index.php?rest_route=\/wp\/v2\/posts\/176277107","targetHints":{"allow":["GET"]}}],"collection":[{"href":"https:\/\/fermebiodupetitsart.be\/index.php?rest_route=\/wp\/v2\/posts"}],"about":[{"href":"https:\/\/fermebiodupetitsart.be\/index.php?rest_route=\/wp\/v2\/types\/post"}],"author":[{"embeddable":true,"href":"https:\/\/fermebiodupetitsart.be\/index.php?rest_route=\/wp\/v2\/users\/1"}],"replies":[{"embeddable":true,"href":"https:\/\/fermebiodupetitsart.be\/index.php?rest_route=%2Fwp%2Fv2%2Fcomments&post=176277107"}],"version-history":[{"count":2,"href":"https:\/\/fermebiodupetitsart.be\/index.php?rest_route=\/wp\/v2\/posts\/176277107\/revisions"}],"predecessor-version":[{"id":176277112,"href":"https:\/\/fermebiodupetitsart.be\/index.php?rest_route=\/wp\/v2\/posts\/176277107\/revisions\/176277112"}],"wp:featuredmedia":[{"embeddable":true,"href":"https:\/\/fermebiodupetitsart.be\/index.php?rest_route=\/wp\/v2\/media\/176277110"}],"wp:attachment":[{"href":"https:\/\/fermebiodupetitsart.be\/index.php?rest_route=%2Fwp%2Fv2%2Fmedia&parent=176277107"}],"wp:term":[{"taxonomy":"category","embeddable":true,"href":"https:\/\/fermebiodupetitsart.be\/index.php?rest_route=%2Fwp%2Fv2%2Fcategories&post=176277107"},{"taxonomy":"post_tag","embeddable":true,"href":"https:\/\/fermebiodupetitsart.be\/index.php?rest_route=%2Fwp%2Fv2%2Ftags&post=176277107"}],"curies":[{"name":"wp","href":"https:\/\/api.w.org\/{rel}","templated":true}]}}