{"id":176276495,"date":"2013-03-18T22:52:50","date_gmt":"2013-03-18T20:52:50","guid":{"rendered":"http:\/\/fermebiodupetitsart.posterous.com\/i-n-v-i-t-a-t-i-o-n-expo-bourse-dechange-de-s"},"modified":"2015-01-10T09:26:37","modified_gmt":"2015-01-10T08:26:37","slug":"i-n-v-i-t-a-t-i-o-n-expo-bourse-dechange-de-s","status":"publish","type":"post","link":"https:\/\/fermebiodupetitsart.be\/?p=176276495","title":{"rendered":"invitation: bourse d&rsquo;\u00e9change de semences \u00e0 Louvain-La-Neuve, ce samedi 23 mars."},"content":{"rendered":"<blockquote>\n<div>\n<blockquote>\n<div>\n<div>\n<div class=\"texteheader\">\n<h5 class=\"sursoustitre surtitre \">Ensemble d\u2019activit\u00e9s autour des semences <span style=\"font-weight: normal;\">\u00a0<\/span><\/h5>\n<h1><span style=\"font-size: 36px;\">Les semences\u00a0: histoire et enjeux d\u2019aujourd\u2019hui<\/span><\/h1>\n<h6 class=\"sursoustitre soustitre \">Jusqu&rsquo;au 24 avril 2013 \u00e0 Louvain-la-Neuve<\/h6>\n<\/div>\n<\/div>\n<div>\n<div class=\"texte\">\n<p class=\"spip\">L&rsquo;<strong class=\"spip\">UCL Culture et la Maison du D\u00e9veloppement Durable(MDD)<\/strong>\u00a0ont l\u2019honneur de vous inviter \u00e0 un ensemble d\u2019activit\u00e9s ludiques et enrichissantes sur le th\u00e8me des <strong class=\"spip\">semences<\/strong> autour de leur exposition \u00ab\u00a0L\u00e9gendes de la graine, Jeux et enjeux\u00a0\u00bb\u00a0! Une conception-r\u00e9alisation de <strong class=\"spip\">Sandrine de Borman<\/strong> et mise en sc\u00e8ne de<strong class=\"spip\"> Marie-Ghilsaine Losseau<\/strong>. Notre association<b> Nature &amp; Progr\u00e8s<\/b> soutient bien \u00e9videmment cet \u00e9v\u00e9nement important !<\/p>\n<p class=\"spip\"><span class=\"spip\"><b>L\u2019exposition\u00a0: \u00ab\u00a0L\u00e9gende de la graine\u00a0\u00bb<\/b><\/span><\/p>\n<p class=\"spip\">Cr\u00e9\u00e9e par la plasticienne Sandrine de Borman, cette exposition met en sc\u00e8ne de mani\u00e8re ludique et artistique divers aspects de la graine. Apr\u00e8s sa r\u00e9sidence d\u2019artiste au Jardin national de Meise, Sandrine de Borman poursuit son exploration du monde v\u00e9g\u00e9tal, cette fois comme conceptrice d\u2019exposition. Elle explore la graine sous toutes ses coutures.<\/p>\n<p class=\"spip\">La graine, en plus de sa po\u00e9sie et de sa beaut\u00e9 plastique, ouvre \u00e0 un d\u00e9cloisonnement des disciplines et types de savoirs\u00a0: sciences et savoirs populaires, pharmacop\u00e9es et cuisine, \u00e9cologie et musique, jardinage et contes, souverainet\u00e9 alimentaire et arts plastiques.<\/p>\n<p class=\"spip\">L\u2019exposition met en sc\u00e8ne ces diff\u00e9rentes facettes de mani\u00e8re ludique et artistique. Elle est compos\u00e9e de \u2019modules\u2019 \u00e9voquant de petites tables potag\u00e8res. En se penchant au dessus de celles-ci, le visiteur d\u00e9couvre un aspect de la graine\u00a0: celle qui nourrit, qui voyage, qui gu\u00e9rit, qui appauvrit, &#8230; Au mur, une s\u00e9rie de portrait pr\u00e9sente des chercheurs dans le domaine des graines.<\/p>\n<p class=\"spip\">L\u2019exposition s\u2019accompagne de ressources documentaires vari\u00e9es\u00a0: une vingtaine d\u2019ouvrages sont \u00e0 disposition, et des extraits de documentaires et reportages sont projet\u00e9s en continu.<\/p>\n<p class=\"spip\">L\u2019exposition est visible \u00e0 Louvain-la-Neuve\u00a0<span style=\"font-size: large;\">(Inforville, Galerie des Halles \u00e0 c\u00f4t\u00e9 des guichets de la gare)\u00a0<\/span>jusqu&rsquo;au 24 avril 2013, au Forum des Halles et \u00e0 la Maison du D\u00e9veloppement Durable.<\/p>\n<p class=\"spip\">Du lundi au vendredi de 9h \u00e0 17h et le samedi de 11 \u00e0 17h. L\u2019expo est partag\u00e9e sur 2 sites, entre le forum des halles et la MDD. Ils sont facilement accessibles \u00e0 pieds.<\/p>\n<p class=\"spip\"><b>RENDEZ-VOUS CE SAMEDI 23 MARS de 13 \u00e0 17 heures<\/b><\/p>\n<p class=\"spip\">Avec la participation d\u2019agriculteurs, artistes, cuisiniers, chercheurs, \u00e9crivains, agronomes, militants (notamment de Nature &amp; Progr\u00e8s Brabant-Est et Brabant-Ouest), botanistes, collectionneurs, une centaine de femmes, d\u2019hommes du Nord et du Sud.<img loading=\"lazy\" decoding=\"async\" style=\"font-size: large; height: 11px;\" alt=\"-\" src=\"http:\/\/www.maisondd.be\/local\/cache-vignettes\/L8xH11\/puce-68c92.gif\" width=\"8\" height=\"11\" \/><span style=\"font-size: large;\">\u00a0<\/span><\/p>\n<p class=\"spip\"><strong class=\"spip\">Bourse d\u2019\u00e9changes<\/strong>\/partage de semences, jeunes plants et outils de jardin,<\/p>\n<p class=\"spip\"><strong class=\"spip\">atelier potagers verticaux<\/strong> \u00e0 base de bouteilles \u00e0 14H avec l\u2019asbl ActionS VivreS,<\/p>\n<p class=\"spip\"><strong class=\"spip\">atelier culinaire<\/strong> \u00e0 base de graines germ\u00e9es,<\/p>\n<p class=\"spip\"><strong class=\"spip\">atelier de fabrication de bombes mellif\u00e8res<\/strong>\u2026<\/p>\n<p class=\"spip\">Rendez-vous \u00e0 la MDD et sur la place Agora.(Parking Grand Place)<\/p>\n<p class=\"spip\"><span class=\"spip_document_5853 spip_documents spip_documents_center\"> <img loading=\"lazy\" decoding=\"async\" style=\"height: 519px;\" alt=\"\" src=\"http:\/\/www.maisondd.be\/local\/cache-vignettes\/L380xH519\/bourse_semences-63ef2.jpg\" width=\"380\" height=\"519\" \/><\/span><\/p>\n<p class=\"spip\">\u00a0<i class=\"spip\">26 mars et 10 avril<\/i>\u00a0:<\/p>\n<p class=\"spip\">Atelier graines germ\u00e9es avec Christian Dubois du RESO \u00e0 12h45\/13h45\/14h45 <strong class=\"spip\">inscription souhait\u00e9e<\/strong> \u00e0 la MDD 010-47.39.59.<\/p>\n<p class=\"spip\"><img loading=\"lazy\" decoding=\"async\" style=\"height: 11px;\" alt=\"-\" src=\"http:\/\/www.maisondd.be\/local\/cache-vignettes\/L8xH11\/puce-68c92.gif\" width=\"8\" height=\"11\" \/>\u00a0<i class=\"spip\">Le 29 mars<\/i> de 12h45 \u00e0 14h\u00a0:<\/p>\n<p class=\"spip\"><b>Pr\u00e9sentation du projet \u00ab\u00a0La Maison de la semence citoyenne\u2019\u2019 de Nature &amp; Progr\u00e8s \u00e0<\/b><b style=\"font-size: x-large;\">\u00a0la Maison du D\u00e9veloppement Durable.<\/b><\/p>\n<p class=\"spip\"><img loading=\"lazy\" decoding=\"async\" style=\"height: 11px;\" alt=\"-\" src=\"http:\/\/www.maisondd.be\/local\/cache-vignettes\/L8xH11\/puce-68c92.gif\" width=\"8\" height=\"11\" \/>\u00a0<i class=\"spip\">Le 19 avril \u00e0 10h<\/i>\u00a0:<\/p>\n<p class=\"spip\">Visite guid\u00e9e au jardin botanique de Meise\u00a0: visite de la banque de graines, exploration de l\u2019herbier et de la collection de graines de M Bamps, visite libre du domaine.<\/p>\n<p class=\"spip\">\u00a0PAF\u00a0: 6 euros , <strong class=\"spip\">inscription obligatoire<\/strong> \u00e0 la MDD 010-47.39.59 . Visite guid\u00e9e de 10 \u00e0 12H et visite libre pour ceux qui veulent jusqu\u2019\u00e0 18H.<\/p>\n<\/div>\n<\/div>\n<\/div>\n<\/blockquote>\n<\/div>\n<\/blockquote>\n","protected":false},"excerpt":{"rendered":"<p>Ensemble d\u2019activit\u00e9s autour des semences Les semences : histoire et enjeux d\u2019aujourd\u2019hui Jusqu&rsquo;au 24 avril 2013   Louvain-la-Neuve L&rsquo;UCL Culture et la Maison du D\u00e9veloppement Durable(MDD) ont l\u2019honneur de vous inviter   un ensemble d&#8230; <a href=\"https:\/\/fermebiodupetitsart.be\/?p=176276495\">Continuer la lecture <span class=\"meta-nav\">&rarr;<\/span><\/a><\/p>\n","protected":false},"author":1,"featured_media":0,"comment_status":"closed","ping_status":"closed","sticky":false,"template":"","format":"standard","meta":{"footnotes":""},"categories":[3],"tags":[],"class_list":["post-176276495","post","type-post","status-publish","format-standard","hentry","category-dans-la-region"],"_links":{"self":[{"href":"https:\/\/fermebiodupetitsart.be\/index.php?rest_route=\/wp\/v2\/posts\/176276495","targetHints":{"allow":["GET"]}}],"collection":[{"href":"https:\/\/fermebiodupetitsart.be\/index.php?rest_route=\/wp\/v2\/posts"}],"about":[{"href":"https:\/\/fermebiodupetitsart.be\/index.php?rest_route=\/wp\/v2\/types\/post"}],"author":[{"embeddable":true,"href":"https:\/\/fermebiodupetitsart.be\/index.php?rest_route=\/wp\/v2\/users\/1"}],"replies":[{"embeddable":true,"href":"https:\/\/fermebiodupetitsart.be\/index.php?rest_route=%2Fwp%2Fv2%2Fcomments&post=176276495"}],"version-history":[{"count":1,"href":"https:\/\/fermebiodupetitsart.be\/index.php?rest_route=\/wp\/v2\/posts\/176276495\/revisions"}],"predecessor-version":[{"id":176277312,"href":"https:\/\/fermebiodupetitsart.be\/index.php?rest_route=\/wp\/v2\/posts\/176276495\/revisions\/176277312"}],"wp:attachment":[{"href":"https:\/\/fermebiodupetitsart.be\/index.php?rest_route=%2Fwp%2Fv2%2Fmedia&parent=176276495"}],"wp:term":[{"taxonomy":"category","embeddable":true,"href":"https:\/\/fermebiodupetitsart.be\/index.php?rest_route=%2Fwp%2Fv2%2Fcategories&post=176276495"},{"taxonomy":"post_tag","embeddable":true,"href":"https:\/\/fermebiodupetitsart.be\/index.php?rest_route=%2Fwp%2Fv2%2Ftags&post=176276495"}],"curies":[{"name":"wp","href":"https:\/\/api.w.org\/{rel}","templated":true}]}}