{"id":176093097,"date":"2013-03-12T05:51:24","date_gmt":"2013-03-12T03:51:24","guid":{"rendered":"http:\/\/fermebiodupetitsart.posterous.com\/en-souvenir-de-christophe-de-grand-ry-34922"},"modified":"2015-01-10T09:26:37","modified_gmt":"2015-01-10T08:26:37","slug":"en-souvenir-de-christophe-de-grand-ry-34922","status":"publish","type":"post","link":"https:\/\/fermebiodupetitsart.be\/?p=176093097","title":{"rendered":"En souvenir de Christophe de GRAND RY !"},"content":{"rendered":"<div>\n<blockquote>\n<div>\n<div>\n<blockquote>\n<div><span style=\"font-size:36px;\">T<\/span>ristesses. <\/div>\n<\/blockquote>\n<p><\/p>\n<blockquote>\n<div>La Ferme Bio P\u00e9dagogique du Petit-Sart perd &#8211; \u00e0 nouveau &#8211; un ami &nbsp;!<\/div>\n<\/blockquote>\n<p><\/p>\n<blockquote>\n<div>\n<div>Christophe de GRAND RY est d\u00e9c\u00e9d\u00e9 inopin\u00e9ment ce mercredi 6 mars.&nbsp;<\/div>\n<div>Il venait de f\u00eater ses 35 printemps.&nbsp;<\/div>\n<p \/>\n<div>Jardinier, cr\u00e9ateur de jardins, fondateur de Greenwork, Christophe a<\/div>\n<div>particip\u00e9 au dernier stage d&rsquo;initiation au jardinage biologique. C&rsquo;\u00e9tait un vrai ami&nbsp;<\/div>\n<div>de la terre, si attentif et respectueux de notre belle nature. Il venait d&rsquo;\u00eatre accueilli comme nouveau&nbsp;<\/div>\n<div>membre&nbsp;effectif&nbsp;<span style=\"font-size:large;\">du Cercle Horticole Biologique Tournesol de Chaumont-Gistoux.<\/span><\/div>\n<p \/>\n<div>Au cours de l&rsquo;ann\u00e9e \u00e9coul\u00e9e, accompagn\u00e9 d&rsquo;Isabelle CAIGNET, sa fianc\u00e9e,&nbsp;<\/div>\n<div>ils sont pass\u00e9s plus de vingt fois, si discr\u00e8tement, sur le plateau agricole de Sart-Biez<\/div>\n<div>pour y entretenir leurs deux belles parcelles de l\u00e9gumes bios.<\/div>\n<div>Nous gardons de Christophe de nombreux et bons souvenirs et en particulier celui<\/div>\n<div>d&rsquo;un chouette repas partag\u00e9 \u00e0 la Ferme un dimanche d&rsquo;\u00e9t\u00e9.<\/div>\n<p \/>\n<div>Une parole de Woody ALLEN nous revient en m\u00e9moire :<i>&nbsp;<\/i><\/div>\n<div><i>\u00ab\u00a0Je ne sais pas si Dieu existe, mais s&rsquo;il existe, j&rsquo;esp\u00e8re qu&rsquo;il a des excuses\u00a0\u00bb<\/i>.<\/div>\n<p \/>\n<div>Nous<span style=\"font-size:large;\">&nbsp;partageons les peines et chagrins d&rsquo;<\/span>Isabelle, des parents, du fr\u00e8re et des soeurs,<\/div>\n<div>de la famille de Christophe.<\/div>\n<p \/>\n<div>\n<div>Ses fun\u00e9railles se d\u00e9rouleront ce mercredi 13 mars \u00e0 10 h en<\/div>\n<div>l&rsquo;Eglise Paroissiale de Saint-Georges (place Dubois) \u00e0 Grez-Doiceau.&nbsp;<\/div>\n<div>(Un accueil est programm\u00e9, \u00e0 partir de 9 h 30)<\/div>\n<\/div>\n<p \/>\n<div>Pour rappel, les&nbsp;coordonn\u00e9es&nbsp;d&rsquo;Isabelle CAIGNET :<\/div>\n<div><b>Mail <\/b>:&nbsp;&nbsp;Isabelle\u00a0\u00bb &lt;<a href=\"mailto:isabellecaignet@yahoo.fr\">isabellecaignet@yahoo.fr<\/a>&gt;<\/div>\n<div><b>Postale<\/b> : Rue H. Lecapitaine, 17\/3 1390 Grez-Doiceau<\/div>\n<div>\n<blockquote><\/blockquote>\n<p><span style=\"font-size:large;\">&nbsp; &nbsp; <\/span>&nbsp;Depuis 4 jours, nous sommes nombreux \u00e0 \u00eatre sans voix, envahis par un&nbsp;immense chagrin. Christophe et Isabelle,<\/div>\n<\/div>\n<\/blockquote>\n<blockquote>\n<div>&nbsp; &nbsp; &nbsp;tout sourire,&nbsp;dans le jardin p\u00e9dagogique et exp\u00e9rimental bio de la Ferme du Petit-Sart.<\/div>\n<\/blockquote>\n<blockquote>\n<div><\/p>\n<blockquote>\n<div>\n<blockquote>\n<p \/>\n<div class='p_embed p_image_embed'><img loading=\"lazy\" decoding=\"async\" alt=\"P1010038\" height=\"602\" src=\"http:\/\/fermebiodupetitsart.be\/wp-content\/uploads\/2013\/04\/p1010038.jpeg\" width=\"480\" \/><\/div>\n<\/blockquote>\n<\/div>\n<\/blockquote>\n<\/div>\n<\/blockquote>\n<\/div>\n<p><\/div>\n<\/blockquote>\n<\/div>\n<p><\/p>\n<p><div class='p_embed p_image_embed'><img loading=\"lazy\" decoding=\"async\" alt=\"P1060902\" height=\"641\" src=\"http:\/\/fermebiodupetitsart.be\/wp-content\/uploads\/2013\/04\/p1060902.jpeg\" width=\"435\" \/><a href=\"http:\/\/fermebiodupetitsart.be\/wp-content\/uploads\/2013\/04\/p1180637.jpeg\"><img loading=\"lazy\" decoding=\"async\" alt=\"P1180637\" height=\"354\" src=\"http:\/\/fermebiodupetitsart.be\/wp-content\/uploads\/2013\/04\/p1180637.jpeg?w=300\" width=\"500\" \/><\/a><\/div><\/p>\n","protected":false},"excerpt":{"rendered":"<p>Tristesses. La Ferme Bio P\u00e9dagogique du Petit-Sart perd &#8211;   nouveau &#8211; un ami !Christophe de GRAND RY est d\u00e9c\u00e9d\u00e9 inopin\u00e9ment ce mercredi 6 mars. Il venait de f\u00eater ses 35 printemps. Jardinier, cr\u00e9ateur de jardins, fondateur de Greenwork, Ch&#8230; <a href=\"https:\/\/fermebiodupetitsart.be\/?p=176093097\">Continuer la lecture <span class=\"meta-nav\">&rarr;<\/span><\/a><\/p>\n","protected":false},"author":1,"featured_media":0,"comment_status":"closed","ping_status":"closed","sticky":false,"template":"","format":"standard","meta":{"footnotes":""},"categories":[2],"tags":[],"class_list":["post-176093097","post","type-post","status-publish","format-standard","hentry","category-chez-nous"],"_links":{"self":[{"href":"https:\/\/fermebiodupetitsart.be\/index.php?rest_route=\/wp\/v2\/posts\/176093097","targetHints":{"allow":["GET"]}}],"collection":[{"href":"https:\/\/fermebiodupetitsart.be\/index.php?rest_route=\/wp\/v2\/posts"}],"about":[{"href":"https:\/\/fermebiodupetitsart.be\/index.php?rest_route=\/wp\/v2\/types\/post"}],"author":[{"embeddable":true,"href":"https:\/\/fermebiodupetitsart.be\/index.php?rest_route=\/wp\/v2\/users\/1"}],"replies":[{"embeddable":true,"href":"https:\/\/fermebiodupetitsart.be\/index.php?rest_route=%2Fwp%2Fv2%2Fcomments&post=176093097"}],"version-history":[{"count":1,"href":"https:\/\/fermebiodupetitsart.be\/index.php?rest_route=\/wp\/v2\/posts\/176093097\/revisions"}],"predecessor-version":[{"id":176277313,"href":"https:\/\/fermebiodupetitsart.be\/index.php?rest_route=\/wp\/v2\/posts\/176093097\/revisions\/176277313"}],"wp:attachment":[{"href":"https:\/\/fermebiodupetitsart.be\/index.php?rest_route=%2Fwp%2Fv2%2Fmedia&parent=176093097"}],"wp:term":[{"taxonomy":"category","embeddable":true,"href":"https:\/\/fermebiodupetitsart.be\/index.php?rest_route=%2Fwp%2Fv2%2Fcategories&post=176093097"},{"taxonomy":"post_tag","embeddable":true,"href":"https:\/\/fermebiodupetitsart.be\/index.php?rest_route=%2Fwp%2Fv2%2Ftags&post=176093097"}],"curies":[{"name":"wp","href":"https:\/\/api.w.org\/{rel}","templated":true}]}}