{"id":175627421,"date":"2013-02-24T10:14:17","date_gmt":"2013-02-24T08:14:17","guid":{"rendered":"http:\/\/fermebiodupetitsart.posterous.com\/premier-velage-2013-a-la-ferme-bio-du-petit-s"},"modified":"2015-01-10T09:26:37","modified_gmt":"2015-01-10T08:26:37","slug":"premier-velage-2013-a-la-ferme-bio-du-petit-s","status":"publish","type":"post","link":"https:\/\/fermebiodupetitsart.be\/?p=175627421","title":{"rendered":"Premier v\u00ealage 2013 \u00e0 la Ferme Bio du Petit-Sart"},"content":{"rendered":"<div>Ce 21 f\u00e9vrier, au petit matin, &nbsp;par une temp\u00e9rature de -3\u00b0, &nbsp;le premier veau baptis\u00e9 Edith est n\u00e9. Sa maman, Carlotta se porte bien !<\/div>\n<div>L&rsquo;agriculteur &amp; \u00e9leveur biologiste de Grez-Doiceau, Hubert del Marmol s&rsquo;attend \u00e0 12 v\u00ealages pour ce printemps 2013\u2026. !<\/div>\n<p \/><\/p>\n<p><div class='p_embed p_image_embed'><a href=\"http:\/\/fermebiodupetitsart.be\/wp-content\/uploads\/2013\/04\/p1030723-jpeg-scaled-1000.jpg\"><img loading=\"lazy\" decoding=\"async\" alt=\"P1030723\" height=\"375\" src=\"http:\/\/fermebiodupetitsart.be\/wp-content\/uploads\/2013\/04\/p1030723-jpeg-scaled-1000.jpg?w=300\" width=\"500\" \/><\/a><\/div>\n<\/p>\n<p><div class='p_embed p_image_embed'><a href=\"http:\/\/fermebiodupetitsart.be\/wp-content\/uploads\/2013\/04\/p1030746-jpeg-scaled-1000.jpg\"><img loading=\"lazy\" decoding=\"async\" alt=\"P1030746\" height=\"667\" src=\"http:\/\/fermebiodupetitsart.be\/wp-content\/uploads\/2013\/04\/p1030746-jpeg-scaled-1000.jpg?w=225\" width=\"500\" \/><\/a><\/div><\/p>\n","protected":false},"excerpt":{"rendered":"<p>Ce 21 f\u00e9vrier, au petit matin, par une temp\u00e9rature de -3 , le premier veau baptis\u00e9 Edith est n\u00e9. Sa maman, Carlotta se porte bien !L&rsquo;agriculteur &amp; \u00e9leveur biologiste de Grez-Doiceau, Hubert del Marmol s&rsquo;attend   12 v\u00ealages pour ce printemp&#8230; <a href=\"https:\/\/fermebiodupetitsart.be\/?p=175627421\">Continuer la lecture <span class=\"meta-nav\">&rarr;<\/span><\/a><\/p>\n","protected":false},"author":1,"featured_media":0,"comment_status":"closed","ping_status":"closed","sticky":false,"template":"","format":"standard","meta":{"footnotes":""},"categories":[2],"tags":[],"class_list":["post-175627421","post","type-post","status-publish","format-standard","hentry","category-chez-nous"],"_links":{"self":[{"href":"https:\/\/fermebiodupetitsart.be\/index.php?rest_route=\/wp\/v2\/posts\/175627421","targetHints":{"allow":["GET"]}}],"collection":[{"href":"https:\/\/fermebiodupetitsart.be\/index.php?rest_route=\/wp\/v2\/posts"}],"about":[{"href":"https:\/\/fermebiodupetitsart.be\/index.php?rest_route=\/wp\/v2\/types\/post"}],"author":[{"embeddable":true,"href":"https:\/\/fermebiodupetitsart.be\/index.php?rest_route=\/wp\/v2\/users\/1"}],"replies":[{"embeddable":true,"href":"https:\/\/fermebiodupetitsart.be\/index.php?rest_route=%2Fwp%2Fv2%2Fcomments&post=175627421"}],"version-history":[{"count":1,"href":"https:\/\/fermebiodupetitsart.be\/index.php?rest_route=\/wp\/v2\/posts\/175627421\/revisions"}],"predecessor-version":[{"id":176277315,"href":"https:\/\/fermebiodupetitsart.be\/index.php?rest_route=\/wp\/v2\/posts\/175627421\/revisions\/176277315"}],"wp:attachment":[{"href":"https:\/\/fermebiodupetitsart.be\/index.php?rest_route=%2Fwp%2Fv2%2Fmedia&parent=175627421"}],"wp:term":[{"taxonomy":"category","embeddable":true,"href":"https:\/\/fermebiodupetitsart.be\/index.php?rest_route=%2Fwp%2Fv2%2Fcategories&post=175627421"},{"taxonomy":"post_tag","embeddable":true,"href":"https:\/\/fermebiodupetitsart.be\/index.php?rest_route=%2Fwp%2Fv2%2Ftags&post=175627421"}],"curies":[{"name":"wp","href":"https:\/\/api.w.org\/{rel}","templated":true}]}}