{"id":175271555,"date":"2013-02-13T09:46:00","date_gmt":"2013-02-13T07:46:00","guid":{"rendered":"http:\/\/fermebiodupetitsart.posterous.com\/sur-tv5-monde-isabelle-saporta-decortique-le"},"modified":"2015-01-10T09:26:37","modified_gmt":"2015-01-10T08:26:37","slug":"sur-tv5-monde-isabelle-saporta-decortique-le","status":"publish","type":"post","link":"https:\/\/fermebiodupetitsart.be\/?p=175271555","title":{"rendered":"Sur TV5 Monde, Isabelle Saporta d\u00e9cortique le scandale de la viande de cheval !"},"content":{"rendered":"<p>&nbsp;<\/p>\n<div>\n<blockquote>\n<p \/><\/p>\n<div>\n<div style=\"font-family:arial, sans-serif;\">\n<table border=\"0\" width=\"600px\">\n<tr>\n<td style=\"background-color:#ebeff9;padding:4px 8px;\">Sur le <span style=\"font-family:Arial;font-size:medium;\"><strong>WEB &#8211; Youtube<\/strong><\/span><\/p>\n<table border=\"0\" width=\"100%\">\n<tr>\n<td><\/td>\n<td align=\"right\" width=\"70%\"><strong>A voir &nbsp;absolument &nbsp; ! &nbsp;<\/strong> <br \/>Chercher &agrave; comprendre, c&rsquo;est commencer &agrave; d&eacute;sob&eacute;ir<\/td>\n<\/tr>\n<\/table>\n<\/td>\n<\/tr>\n<tr>\n<td>&nbsp;<\/td>\n<\/tr>\n<tr>\n<td style=\"padding:0 8px 16px;\">\n<table border=\"0\" width=\"100%\">\n<tr>\n<td align=\"center\" valign=\"top\" style=\"padding:0 6px 6px 0;\"><a href=\"http:\/\/www.google.com\/url?sa=X&amp;q=http:\/\/www.youtube.com\/watch%3Fv%3D4J8U2xaDQL8&amp;ct=ga&amp;cad=CAcQAhgBIAEoAjAAOABAnpzriAVIAVgAYgVmci1VUw&amp;cd=iXTo23hPmt0&amp;usg=AFQjCNGtooGMKJRYrORh6vnbvsG6ryoFGw\"><img loading=\"lazy\" decoding=\"async\" src=\"http:\/\/img.youtube.com\/vi\/4J8U2xaDQL8\/default.jpg?h=90&amp;w=120&amp;sigh=__4CoPUIffbxBS_w5JTYaj1jGnqu4=\" border=\"0\" height=\"90\" alt=\"\" width=\"120\" \/><\/a><\/td>\n<td valign=\"top\"><a href=\"http:\/\/www.google.com\/url?sa=X&amp;q=http:\/\/www.youtube.com\/watch%3Fv%3D4J8U2xaDQL8&amp;ct=ga&amp;cad=CAcQAhgBIAEoATAAOABAnpzriAVIAVgAYgVmci1VUw&amp;cd=iXTo23hPmt0&amp;usg=AFQjCNGtooGMKJRYrORh6vnbvsG6ryoFGw\" style=\"color:#1111cc;\"><strong>Isabelle SAPORTA<\/strong> : \u00ab\u00a0Le scandale de la viande de cheval <strong>&#8230;<\/strong> &#8211; YouTube<\/a><br \/><span style=\"font-size:x-small;\">L&rsquo;INVITE\u00a0\u00bb de TV5MONDE pr&eacute;sent&eacute; par Patrick SIMONIN le 11.02.13: La journaliste d&eacute;nonce <\/span><strong style=\"font-size:small;\">&#8230;<\/strong><br \/><a href=\"http:\/\/www.google.com\/url?sa=X&amp;q=http:\/\/www.youtube.com\/watch%3Fv%3D4J8U2xaDQL8&amp;ct=ga&amp;cad=CAcQAhgBIAEoBDAAOABAnpzriAVIAVgAYgVmci1VUw&amp;cd=iXTo23hPmt0&amp;usg=AFQjCNGtooGMKJRYrORh6vnbvsG6ryoFGw\" title=\"http:\/\/www.youtube.com\/watch?v=4J8U2xaDQL8\" style=\"color:#228822;\"><span style=\"font-family:Arial;font-size:medium;\">www.youtube.com\/watch?v=4J8U2xaDQL8<\/span><\/a><\/p>\n<p \/>Vous &ecirc;tes maintenant nombreux &agrave; la conna&icirc;tre. <br \/>I<strong>sabelle Saporta<\/strong> &eacute;tait l&rsquo;invit&eacute;e (au c&ocirc;t&eacute; du Ministre wallon de l&rsquo;Agriculture, Carlos di Antonio) de Nature &amp; Progr&egrave;s &agrave; Louvain-la-Neuve le 14 nov. pour une grande conf&eacute;rence publique <strong>\u00ab\u00a0Demain, on mange quoi ? &#8211; Regards crois&eacute;s sur l&rsquo;avenir de notre agriculture\u00a0\u00bb<\/strong>.<\/p>\n<p \/>La journaliste fran&ccedil;aise, auteure du <strong>\u00ab\u00a0Livre Noir de l&rsquo;Agriculture\u00a0\u00bb<\/strong> &nbsp;d&eacute;nonce depuis longtemps les d&eacute;rives d&rsquo;une agriculture industrielle&nbsp;<span><br \/><\/span> devenue folle o&ugrave; les profits se font au d&eacute;triment de l&rsquo;&eacute;thique et de la sant&eacute; publique.<\/p>\n<p \/>Le scandale de la viande de cheval vendu pour du boeuf en est un de plus&hellip;<\/p>\n<p \/>Cliquez sur ce lien pour entendre son interview diffus&eacute;e par TV5 Monde.&nbsp;<\/p>\n<p \/>\n<p \/><\/td>\n<\/tr>\n<\/table>\n<\/td>\n<\/tr>\n<tr>\n<td style=\"padding:0 8px 16px;\"><\/td>\n<\/tr>\n<\/table>\n<\/div>\n<\/div>\n<\/blockquote>\n<\/div>\n","protected":false},"excerpt":{"rendered":"<p>Sur le WEB &#8211; Youtube A voir absolument ! Chercher   comprendre, c&rsquo;est commencer   d\u00e9sob\u00e9ir Isabelle SAPORTA : \u00ab\u00a0Le scandale de la viande de cheval &#8230; &#8211; YouTubeL&rsquo;INVITE\u00a0\u00bb de TV5MONDE pr\u00e9sent\u00e9 par Patrick SIMONIN le 11.02.13: La journaliste d\u00e9&#8230; <a href=\"https:\/\/fermebiodupetitsart.be\/?p=175271555\">Continuer la lecture <span class=\"meta-nav\">&rarr;<\/span><\/a><\/p>\n","protected":false},"author":1,"featured_media":0,"comment_status":"closed","ping_status":"closed","sticky":false,"template":"","format":"standard","meta":{"footnotes":""},"categories":[4,5],"tags":[],"class_list":["post-175271555","post","type-post","status-publish","format-standard","hentry","category-debat-de-societe","category-revue-de-presse"],"_links":{"self":[{"href":"https:\/\/fermebiodupetitsart.be\/index.php?rest_route=\/wp\/v2\/posts\/175271555","targetHints":{"allow":["GET"]}}],"collection":[{"href":"https:\/\/fermebiodupetitsart.be\/index.php?rest_route=\/wp\/v2\/posts"}],"about":[{"href":"https:\/\/fermebiodupetitsart.be\/index.php?rest_route=\/wp\/v2\/types\/post"}],"author":[{"embeddable":true,"href":"https:\/\/fermebiodupetitsart.be\/index.php?rest_route=\/wp\/v2\/users\/1"}],"replies":[{"embeddable":true,"href":"https:\/\/fermebiodupetitsart.be\/index.php?rest_route=%2Fwp%2Fv2%2Fcomments&post=175271555"}],"version-history":[{"count":1,"href":"https:\/\/fermebiodupetitsart.be\/index.php?rest_route=\/wp\/v2\/posts\/175271555\/revisions"}],"predecessor-version":[{"id":176277317,"href":"https:\/\/fermebiodupetitsart.be\/index.php?rest_route=\/wp\/v2\/posts\/175271555\/revisions\/176277317"}],"wp:attachment":[{"href":"https:\/\/fermebiodupetitsart.be\/index.php?rest_route=%2Fwp%2Fv2%2Fmedia&parent=175271555"}],"wp:term":[{"taxonomy":"category","embeddable":true,"href":"https:\/\/fermebiodupetitsart.be\/index.php?rest_route=%2Fwp%2Fv2%2Fcategories&post=175271555"},{"taxonomy":"post_tag","embeddable":true,"href":"https:\/\/fermebiodupetitsart.be\/index.php?rest_route=%2Fwp%2Fv2%2Ftags&post=175271555"}],"curies":[{"name":"wp","href":"https:\/\/api.w.org\/{rel}","templated":true}]}}