{"id":175237998,"date":"2013-02-12T09:52:55","date_gmt":"2013-02-12T07:52:55","guid":{"rendered":"http:\/\/fermebiodupetitsart.posterous.com\/agriculture-bio-une-consultation-de-la-commis"},"modified":"2015-01-10T09:26:37","modified_gmt":"2015-01-10T08:26:37","slug":"agriculture-bio-une-consultation-de-la-commis","status":"publish","type":"post","link":"https:\/\/fermebiodupetitsart.be\/?p=175237998","title":{"rendered":"Agriculture Bio : une consultation de la commission europ\u00e9enne \u00e0 ne pas manquer !"},"content":{"rendered":"<blockquote>\n<div>\n<div>\n<div>\n<p style=\"margin:0 0 12pt;font-size:12pt;font-family:Times New Roman, serif;\"><span style=\"font-family:Verdana, sans-serif;color:rgb(55,55,55);\">La Commission europ\u00e9enne propose r\u00e9guli\u00e8rement des consultations aux citoyens de l\u2019UE. En g\u00e9n\u00e9ral, personne n\u2019y r\u00e9pond, ou tr\u00e8s peu. C\u2019est dommage car les r\u00e9ponses donn\u00e9es ont un r\u00e9el impact : elles montrent l\u2019int\u00e9r\u00eat de l\u2019opinion pour le sujet et donnent des id\u00e9es aux fonctionnaires de l\u2019UE qui en cherchent toujours.<\/p>\n<p \/>C\u2019est la raison pour laquelle nous vous soumettons cette consultation sur l\u2019agriculture bio que l\u2019on peut remplir jusqu\u2019au 10 avril 2013.<\/span><\/p>\n<\/div>\n<\/div>\n<\/div>\n<\/blockquote>\n<p><\/p>\n<blockquote>\n<div>\n<div>\n<div>\n<p style=\"margin:0 0 12pt;font-size:12pt;font-family:Times New Roman, serif;\"><span style=\"color:rgb(55,55,55);font-family:Verdana, sans-serif;font-size:12pt;\">Le questionnaire est facile et rapide \u00e0 remplir !<\/span>&nbsp;<\/p>\n<\/div>\n<\/div>\n<\/div>\n<\/blockquote>\n<blockquote>\n<div>\n<div>\n<p style=\"margin:0 0 12pt;font-size:12pt;\"><span style=\"font-family:Verdana, sans-serif;color:rgb(55,55,55);\">Voici le lien :<span class=\"Apple-converted-space\">&nbsp;<\/span><\/span><a href=\"http:\/\/ec.europa.eu\/agriculture\/consultations\/organic\/2013_fr.htm\" target=\"_blank\" style=\"font-family:Times New Roman, serif;color:purple;text-decoration:underline;\"><span style=\"font-family:Verdana, sans-serif;color:rgb(0,102,204);\">http:\/\/ec.europa.eu\/agriculture\/consultations\/organic\/2013_fr.htm<\/span><\/a><\/p>\n<p \/>Soutenir \u00e0 la Ferme Bio du Petit Sart les productions de l\u00e9gumes biologiques de L\u00e9a Corroy, de Gwena\u00ebl du Bus de Warnaffe ou l&rsquo;\u00e9levage bio Hubert del Marmol c&rsquo;est bien.<span style=\"color:rgb(55,55,55);font-family:Verdana, sans-serif;font-size:12pt;\">Inciter nos Commissaires &amp; fonctionnaires europ\u00e9ens \u00e0 soutenir davantage une agriculture bio qui tourne le dos \u00e0 la chimie, c&rsquo;est aussi utile qu&rsquo;indispensable ! &nbsp;<\/span><\/p>\n<\/div>\n<\/div>\n<\/blockquote>\n","protected":false},"excerpt":{"rendered":"<p>La Commission europ\u00e9enne propose r\u00e9guli\u00e8rement des consultations aux citoyens de l\u2019UE. En g\u00e9n\u00e9ral, personne n\u2019y r\u00e9pond, ou tr\u00e8s peu. C\u2019est dommage car les r\u00e9ponses donn\u00e9es ont un r\u00e9el impact : elles montrent l\u2019int\u00e9r\u00eat de l\u2019op&#8230; <a href=\"https:\/\/fermebiodupetitsart.be\/?p=175237998\">Continuer la lecture <span class=\"meta-nav\">&rarr;<\/span><\/a><\/p>\n","protected":false},"author":1,"featured_media":0,"comment_status":"closed","ping_status":"closed","sticky":false,"template":"","format":"standard","meta":{"footnotes":""},"categories":[4,5],"tags":[],"class_list":["post-175237998","post","type-post","status-publish","format-standard","hentry","category-debat-de-societe","category-revue-de-presse"],"_links":{"self":[{"href":"https:\/\/fermebiodupetitsart.be\/index.php?rest_route=\/wp\/v2\/posts\/175237998","targetHints":{"allow":["GET"]}}],"collection":[{"href":"https:\/\/fermebiodupetitsart.be\/index.php?rest_route=\/wp\/v2\/posts"}],"about":[{"href":"https:\/\/fermebiodupetitsart.be\/index.php?rest_route=\/wp\/v2\/types\/post"}],"author":[{"embeddable":true,"href":"https:\/\/fermebiodupetitsart.be\/index.php?rest_route=\/wp\/v2\/users\/1"}],"replies":[{"embeddable":true,"href":"https:\/\/fermebiodupetitsart.be\/index.php?rest_route=%2Fwp%2Fv2%2Fcomments&post=175237998"}],"version-history":[{"count":1,"href":"https:\/\/fermebiodupetitsart.be\/index.php?rest_route=\/wp\/v2\/posts\/175237998\/revisions"}],"predecessor-version":[{"id":176277318,"href":"https:\/\/fermebiodupetitsart.be\/index.php?rest_route=\/wp\/v2\/posts\/175237998\/revisions\/176277318"}],"wp:attachment":[{"href":"https:\/\/fermebiodupetitsart.be\/index.php?rest_route=%2Fwp%2Fv2%2Fmedia&parent=175237998"}],"wp:term":[{"taxonomy":"category","embeddable":true,"href":"https:\/\/fermebiodupetitsart.be\/index.php?rest_route=%2Fwp%2Fv2%2Fcategories&post=175237998"},{"taxonomy":"post_tag","embeddable":true,"href":"https:\/\/fermebiodupetitsart.be\/index.php?rest_route=%2Fwp%2Fv2%2Ftags&post=175237998"}],"curies":[{"name":"wp","href":"https:\/\/api.w.org\/{rel}","templated":true}]}}