{"id":175221882,"date":"2013-02-11T21:35:01","date_gmt":"2013-02-11T19:35:01","guid":{"rendered":"http:\/\/fermebiodupetitsart.posterous.com\/stages-vacances-de-paques-2013-sinitier-au-ja"},"modified":"2015-01-10T09:26:37","modified_gmt":"2015-01-10T08:26:37","slug":"stages-vacances-de-paques-2013-sinitier-au-ja","status":"publish","type":"post","link":"https:\/\/fermebiodupetitsart.be\/?p=175221882","title":{"rendered":"Stages vacances de P\u00e2ques 2013 : S&rsquo;initier au jardinage biologique !"},"content":{"rendered":"\n<div>\n<p style=\"margin-bottom:0;\"><span style=\"font-size:22pt;font-family:Arial Unicode MS;color:#085304;\">S\u2019INITIER AU <\/span><span style=\"font-size:22pt;font-family:Arial Unicode MS;color:#0B8040;\">JARDINAGE BIO&nbsp;<\/span><span style=\"font-size:22pt;font-family:Arial Unicode MS;color:#085304;\"> <\/span><\/p>\n<p style=\"margin-bottom:0;\"><span style=\"font-size:22pt;font-family:Arial Unicode MS;color:#085304;\">EN 5 JOURS, C\u2019EST POSSIBLE<\/span><span style=\"font-size:22pt;font-family:Arial Unicode MS;color:#085304;\">.<\/span><span style=\"font-size:22pt;color:rgb(8,83,4);\"><\/span><\/p>\n<p style=\"margin-bottom:0;\"><b><span style=\"font-size:48pt;font-family:Arial Unicode MS;color:#4C4B4D;\">A P\u00e2ques, soyez stages&nbsp;!<\/span><\/b><b><span style=\"font-family:Arial Unicode MS;color:#4C4B4D;\"> <\/span><\/b><b><span style=\"font-family:Arial Unicode MS;color:#085304;\"><\/span><\/b><\/p>\n<\/p><\/div>\n<p> <b><span style=\"font-size:12pt;font-family:Arial Unicode MS;color:#085304;\"><br \/> <\/span><\/b><\/p>\n<p style=\"margin-bottom:0;\"><b><span style=\"font-family:Arial Unicode MS;color:#085304;\">&#8211; Comment d\u00e9marrer chez soi un jardin bio&nbsp;?<\/span><\/b><b><span style=\"color:rgb(8,83,4);\"><\/span><\/b><\/p>\n<p style=\"margin-bottom:0;\"><b><span style=\"font-family:Arial Unicode MS;color:#085304;\">&#8211; Pourquoi produire son alimentation et quelle incidence pour la soci\u00e9t\u00e9 ?<\/span><\/b><b><span style=\"color:rgb(8,83,4);\"><\/span><\/b><\/p>\n<p style=\"margin-bottom:0;\"><b><span style=\"font-family:Arial Unicode MS;color:#085304;\">&#8211; Comment jardiner &nbsp;son lopin dans le plus grand respect de l\u2019environnement et le d\u00e9veloppement de notre biodiversit\u00e9, sans engrais, ni pesticides&nbsp;?&nbsp;<\/span><\/b><b><span style=\"color:rgb(8,83,4);\"><\/span><\/b><\/p>\n<p style=\"margin-bottom:0;\"><b><span style=\"font-family:Arial Unicode MS;color:#085304;\">&#8211; Comment cultiver des laitues, carottes, poireaux, pois, oignons, tomates, pommes de terres, herbes aromatiques et fleurs bio&nbsp;?<\/span><\/b><b><span style=\"color:rgb(8,83,4);\"><\/span><\/b><\/p>\n<p style=\"margin-bottom:0;\"><b><span style=\"font-family:Arial Unicode MS;color:#085304;\">&#8211; Pourquoi&nbsp; id\u00e9alement entourer son potager d\u2019arbres fruitiers ou de petites haies&nbsp;?<\/span><\/b><b><span style=\"color:rgb(8,83,4);\"><\/span><\/b><\/p>\n<p style=\"margin-bottom:0;\"><span style=\"font-size:13pt;font-family:Arial Unicode MS;color:#085304;\">&nbsp;<\/span><span style=\"color:rgb(8,83,4);\"><\/span><\/p>\n<p style=\"margin-bottom:0;\"><span style=\"font-size:13pt;font-family:Arial Unicode MS;color:#085304;\">Bient\u00f4t les vacances de P\u00e2ques\u2026&nbsp; Sur un plateau agricole calme et paradisiaque, voici, &nbsp;pour la troisi\u00e8me ann\u00e9e cons\u00e9cutives, deux stages de formation bio organis\u00e9s en Brabant-Wallon et destin\u00e9s aux enfants\u2026 adolescents, parents ou\/et pour les grands parents. <\/span><\/p>\n<p style=\"margin-bottom:0;\"><span style=\"font-size:13pt;font-family:Arial Unicode MS;color:#085304;\">Attention&nbsp;: seuls les 50 premiers inscrits (2 x 25 participant-e-s) auront la chance de vivre &nbsp;ce stage exceptionnel, pratique, exp\u00e9rimental et \u2026interg\u00e9n\u00e9rationnel&nbsp;! Un plus p\u00e9dagogique assur\u00e9ment. \u00ab\u00a0<b><i>Cette initiative-pilote <\/i><\/b>&#8211; souligne Hubert del Marmol, agrobilologiste &#8211; <b><i>est fond\u00e9e sur la rencontre, la solidarit\u00e9, le passage de savoirs ou de m\u00e9moire entre les g\u00e9n\u00e9rations avec comme pari d&rsquo;encourager des relations r\u00e9ciproques et durables, tout en stimulant les petites solidarit\u00e9s quotidiennes qui cr\u00e9ent du lien au plan local\u00a0\u00bb<\/i><\/b>.<\/span><span style=\"color:rgb(8,83,4);\"><\/span><\/p>\n<p style=\"margin-bottom:0;\"><span style=\"font-size:13pt;font-family:Arial Unicode MS;color:#085304;\">&nbsp;<\/span><span style=\"color:rgb(8,83,4);\"><\/span><\/p>\n<p style=\"margin-bottom:0;\"><span style=\"font-size:13pt;font-family:Arial Unicode MS;color:#085304;\">La \u00abFerme Bio P\u00e9dagogique du Petit Sart \u00bb (La premi\u00e8re en Brabant-Wallon&nbsp;!),&nbsp; ambitionne de permettre \u00e0 des citoyens (\u00e2g\u00e9s de 8 \u00e0\u2026 88 ans&nbsp;!) de s\u2019initier et de s\u2019exp\u00e9rimenter aux bonnes pratiques potag\u00e8res tout en se r\u00e9appropriant sant\u00e9 et saveurs alimentaires.<\/span><span style=\"color:rgb(8,83,4);\"><\/span><\/p>\n<p style=\"margin-bottom:0;\"><span style=\"font-size:13pt;font-family:Arial Unicode MS;color:#085304;\">&nbsp;<\/span><span style=\"color:rgb(8,83,4);\"><\/span><\/p>\n<p style=\"margin-bottom:0;\"><span style=\"font-size:13pt;font-family:Arial Unicode MS;color:#085304;\">Au terme de cette formation de 5 jours (trois jours durant les cong\u00e9s de P\u00e2ques puis deux journ\u00e9es programm\u00e9es s\u00e9par\u00e9es d\u2019environ 8 semaines lors des cong\u00e9s d\u2019\u00e9t\u00e9), les participants d\u00e9couvriront les principales et diff\u00e9rentes techniques pour la cr\u00e9ation d\u2019un &nbsp;\u00ab&nbsp;potager bio&nbsp;\u00bb. La formation portera sur la culture de l\u00e9gumes (parfois oubli\u00e9s) d\u2019hier et d\u2019aujourd\u2019hui, d\u2019aromates mais aussi de fleurs bio (comestibles ou non). Culture de l\u00e9gumes en pleine terre, sous couche, sur butte, sous b\u00e2che, selon les principes de la permaculture etc\u2026<\/span><span style=\"color:rgb(8,83,4);\"><\/span><\/p>\n<p style=\"margin-bottom:0;\"><span style=\"font-size:13pt;font-family:Arial Unicode MS;color:#085304;\">&nbsp;<\/span><span style=\"color:rgb(8,83,4);\"><\/span><\/p>\n<p style=\"margin-bottom:0;\"><span style=\"font-size:13pt;font-family:Arial Unicode MS;color:#085304;\">Mieux, ces participants rejoindront un r\u00e9seau \u00e9cologique, au profit des zones rurales ou urbaines. Ils participeront \u00e0 la connaissance et au maintien de la biodiversit\u00e9 dans notre si belle et jeune province.<\/span><span style=\"color:rgb(8,83,4);\"><\/span><\/p>\n<p style=\"margin-bottom:0;\"><span style=\"font-size:13pt;font-family:Arial Unicode MS;color:#085304;\">L\u2019objectif est de former des citoyens (jeunes comme adultes) aux techniques du jardinage biologique.<\/span><span style=\"color:rgb(8,83,4);\"><\/span><\/p>\n<p style=\"margin-bottom:0;\"><span style=\"font-size:13pt;font-family:Arial Unicode MS;color:#085304;\">&nbsp;<\/span><span style=\"color:rgb(8,83,4);\"><\/span><\/p>\n<p style=\"margin-bottom:0;\"><span style=\"font-size:13pt;font-family:Arial Unicode MS;color:#085304;\">Au terme du cinqui\u00e8me jour de formations ludiques et pratiques, chaque participant &#8211; en guise de r\u00e9compense &#8211; &nbsp;aura le plaisir de ramener chez lui 5 \u00e0 10 kg de ses propres l\u00e9gumes cultiv\u00e9s bio. &nbsp;Belle aubaine que de pouvoir faire profiter sa famille, ses proches et ses ami-e-s &nbsp;de d\u00e9gustations de bons et savoureux l\u00e9gumes bio&nbsp;!<\/span><span style=\"color:rgb(8,83,4);\"><\/span><\/p>\n<p style=\"margin-bottom:0;\"><span style=\"font-size:13pt;font-family:Arial Unicode MS;color:#085304;\">&nbsp;<\/span><\/p>\n<p style=\"margin-bottom:0;\"><span style=\"font-size:13pt;font-family:Arial Unicode MS;color:#085304;\">Parall\u00e8lement, \u00e0 cette formation aux techniques et pratiques culturales bio, ce stage pilote se veut \u00eatre un formidable moyen d\u2019\u00e9change, un facilitateur d\u2019insertion &nbsp;et d\u2019\u00e9mancipation sociale interg\u00e9n\u00e9rationnelle.<\/span><span style=\"color:rgb(8,83,4);\"><\/span><\/p>\n<p style=\"margin-bottom:0;\"><span style=\"font-size:13pt;font-family:Arial Unicode MS;color:#085304;\">&nbsp;<\/span><span style=\"color:rgb(8,83,4);\"><\/span><\/p>\n<p style=\"margin-bottom:0;\"><span style=\"font-size:13pt;font-family:Arial Unicode MS;color:#085304;\">QUAND&nbsp;?&nbsp;&nbsp;<\/span><\/p>\n<p style=\"margin-bottom:0;\"><b><span style=\"font-size:14pt;font-family:Arial Unicode MS;color:#085304;\">Premier stage&nbsp;<\/span><\/b><span style=\"font-size:13pt;font-family:Arial Unicode MS;color:#085304;\">:&nbsp; les lundi de P\u00e2ques 1<sup>er<\/sup> avril , mardi 2 et mercredi 3 avril&nbsp; (+ deux journ\u00e9es de suivi programm\u00e9es &nbsp;\u00e0 l\u2019ascension le 10 mai, puis un dernier jour de r\u00e9coltes en \u00e9t\u00e9)&nbsp; et <\/span><\/p>\n<p style=\"margin-bottom:0;\"><b><span style=\"font-size:14pt;font-family:Arial Unicode MS;color:#085304;\">Deuxi\u00e8me stage&nbsp;<\/span><\/b><span style=\"font-size:13pt;font-family:Arial Unicode MS;color:#085304;\">: les lundi&nbsp; 8 avril , mardi 9 et mercredi 10 avril (+ deux journ\u00e9es une le lundi de Pentec\u00f4te, soit le 20 mai puis un dernier jour pour les r\u00e9coltes en \u00e9t\u00e9),&nbsp; de 9 \u00e0 17 heures 30.<\/span><span style=\"color:rgb(8,83,4);\"><\/span><\/p>\n<p style=\"margin-bottom:0;\"><span style=\"font-size:13pt;font-family:Arial Unicode MS;color:#085304;\">&nbsp;<\/span><span style=\"color:rgb(8,83,4);\"><\/span><\/p>\n<p style=\"margin-bottom:0;\"><span style=\"font-size:13pt;font-family:Arial Unicode MS;color:#085304;\">O U&nbsp;?&nbsp; Ce stage est organis\u00e9, sur les terres agricoles et dans le corps de la <b>Ferme Bio du Petit Sart<\/b>,&nbsp; 75, rue du Petit Sart \u00e0 1390 Grez-Doiceau.&nbsp;<\/span><span style=\"color:rgb(8,83,4);\"><\/span><\/p>\n<p style=\"margin-bottom:0;\"><span style=\"font-size:13pt;font-family:Arial Unicode MS;color:#085304;\">&nbsp;<\/span><span style=\"color:rgb(8,83,4);\"><\/span><\/p>\n<p style=\"margin-bottom:0;\"><span style=\"font-size:13pt;font-family:Arial Unicode MS;color:#085304;\">PAR QUI&nbsp;?&nbsp;gr\u00e2ce notamment \u00e0 la participation active de formateurs chevronn\u00e9s : Hubert del Marmol,&nbsp; Guy Basyn, joseph Vassart, &nbsp;Daniel Collard, Bernard Demaet, Robin Seifert, Tania de Brito, Manu Tilquin. etc &nbsp;Des&nbsp;formateurs-animateurs \u00e2g\u00e9s entre 23 \u00e0 60 ans&nbsp;: Agrobiologiste, enseignant, animateur initi\u00e9s&nbsp; dans des hautes \u00e9coles, \u00e0 Nature &amp; Progr\u00e8s ou au C.R.A.B.E.<\/span><span style=\"color:rgb(8,83,4);\"><\/span><\/p>\n<p style=\"margin-bottom:0;\"><span style=\"font-size:13pt;font-family:Arial Unicode MS;color:#085304;\">&nbsp;<\/span><span style=\"color:rgb(8,83,4);\"><\/span><\/p>\n<p style=\"margin-bottom:0;\"><span style=\"font-size:13pt;font-family:Arial Unicode MS;color:#085304;\">PARTICIPATION AUX FRAIS&nbsp;? Pour la formation th\u00e9orique et&nbsp; tr\u00e8s pratique, fourniture des semences bio et pr\u00eat des outils de jardinage, visite de jardin t\u00e9moin, films, &nbsp;assurances, collations&nbsp;: 162 euros (soit 4,05 euros seulement par heure de stage)<\/span><span style=\"color:rgb(8,83,4);\"><\/span><\/p>\n<p style=\"margin-bottom:0;\"><span style=\"font-size:13pt;font-family:Arial Unicode MS;color:#085304;\">INSCRIPTIONS &nbsp;&nbsp;? Effective via le versement des cent soixante-cinq euros (165 \u20ac) sur le compte Dexia&nbsp;: BE15 0688 9239 0630 bic&nbsp;: GKCCBEBB,&nbsp; de la \u00abFerme Bio P\u00e9dagogique&nbsp;\u00bb c\/o Carl Vandoorne, 75, rue du Petit Sart \u00e0 1390 Grez-Doiceau. T\u00e9l &nbsp;: 010-60.10.16 ou 0477-52.81.39 &nbsp;(ou 135 euros via votre adh\u00e9sion 2013 \u00e0 l\u2019asbl Nature et Progr\u00e8s). <\/span><\/p>\n<p style=\"margin-bottom:0;\"><span style=\"font-size:13pt;font-family:Arial Unicode MS;color:#085304;\">&nbsp;<\/span><\/p>\n<p style=\"margin-bottom:0;\"><span style=\"font-size:11pt;color:rgb(8,83,4);\">&nbsp;<\/span><span><\/span><\/p>\n<p style=\"margin-bottom:0;\">\n<p style=\"margin-bottom:0;\">\n<p><\/p>\n<\/p>\n<\/p>\n<p> <span style=\"color:rgb(0,103,63);font-size:13px;\">Carl Vandoorne<\/span><\/p>\n<div>\n<p \/>\n<div>Coordinateur p\u00e9dagogique<\/div>\n<div><b><span style=\"font-size:13px;\">Ferme Bio P\u00e9dagogique<\/span><\/b><\/div>\n<div><b><span style=\"font-size:13px;\"><i>Petit-Sart, 75<\/i><\/span><\/b><\/div>\n<div><b><span style=\"font-size:13px;\">B-1390 Grez-Doiceau<\/span><\/b><\/div>\n<div>+32 (0)10. 60.10.16<\/div>\n<div>+32 (0) 477- 52.81.39<\/div>\n<div><a href=\"mailto:carl@medialogues.com\">carl@medialogues.com<\/a><\/div>\n<\/p><\/div>\n<p><\/p>\n<p><div class='p_embed p_image_embed'><a href=\"http:\/\/fermebiodupetitsart.be\/wp-content\/uploads\/2013\/04\/p1180520-jpeg-scaled-1000.jpg\"><img loading=\"lazy\" decoding=\"async\" alt=\"P1180520\" height=\"375\" src=\"http:\/\/fermebiodupetitsart.be\/wp-content\/uploads\/2013\/04\/p1180520-jpeg-scaled-1000.jpg?w=300\" width=\"500\" \/><\/a><a href=\"http:\/\/fermebiodupetitsart.be\/wp-content\/uploads\/2013\/04\/p1180505-jpeg-scaled-1000.jpg\"><img loading=\"lazy\" decoding=\"async\" alt=\"P1180505\" height=\"375\" src=\"http:\/\/fermebiodupetitsart.be\/wp-content\/uploads\/2013\/04\/p1180505-jpeg-scaled-1000.jpg?w=300\" width=\"500\" \/><\/a><a href=\"http:\/\/fermebiodupetitsart.be\/wp-content\/uploads\/2013\/04\/p1010242-jpeg-scaled-1000.jpg\"><img loading=\"lazy\" decoding=\"async\" alt=\"P1010242\" height=\"375\" src=\"http:\/\/fermebiodupetitsart.be\/wp-content\/uploads\/2013\/04\/p1010242-jpeg-scaled-1000.jpg?w=300\" width=\"500\" \/><\/a><a href=\"http:\/\/fermebiodupetitsart.be\/wp-content\/uploads\/2013\/04\/p1140734-jpeg-scaled-1000.jpg\"><img loading=\"lazy\" decoding=\"async\" alt=\"P1140734\" height=\"375\" src=\"http:\/\/fermebiodupetitsart.be\/wp-content\/uploads\/2013\/04\/p1140734-jpeg-scaled-1000.jpg?w=300\" width=\"500\" \/><\/a><\/div><\/p>\n","protected":false},"excerpt":{"rendered":"<p>S\u2019INITIER AU JARDINAGE BIO EN 5 JOURS, C\u2019EST POSSIBLE.A P\u00e2ques, soyez stages ! &#8211; Comment d\u00e9marrer chez soi un jardin bio ?- Pourquoi produire son alimentation et quelle incidence pour la soci\u00e9t\u00e9 ?- Comment jardiner son lopin dans le plus g&#8230; <a href=\"https:\/\/fermebiodupetitsart.be\/?p=175221882\">Continuer la lecture <span class=\"meta-nav\">&rarr;<\/span><\/a><\/p>\n","protected":false},"author":1,"featured_media":0,"comment_status":"closed","ping_status":"closed","sticky":false,"template":"","format":"standard","meta":{"footnotes":""},"categories":[2],"tags":[],"class_list":["post-175221882","post","type-post","status-publish","format-standard","hentry","category-chez-nous"],"_links":{"self":[{"href":"https:\/\/fermebiodupetitsart.be\/index.php?rest_route=\/wp\/v2\/posts\/175221882","targetHints":{"allow":["GET"]}}],"collection":[{"href":"https:\/\/fermebiodupetitsart.be\/index.php?rest_route=\/wp\/v2\/posts"}],"about":[{"href":"https:\/\/fermebiodupetitsart.be\/index.php?rest_route=\/wp\/v2\/types\/post"}],"author":[{"embeddable":true,"href":"https:\/\/fermebiodupetitsart.be\/index.php?rest_route=\/wp\/v2\/users\/1"}],"replies":[{"embeddable":true,"href":"https:\/\/fermebiodupetitsart.be\/index.php?rest_route=%2Fwp%2Fv2%2Fcomments&post=175221882"}],"version-history":[{"count":1,"href":"https:\/\/fermebiodupetitsart.be\/index.php?rest_route=\/wp\/v2\/posts\/175221882\/revisions"}],"predecessor-version":[{"id":176277319,"href":"https:\/\/fermebiodupetitsart.be\/index.php?rest_route=\/wp\/v2\/posts\/175221882\/revisions\/176277319"}],"wp:attachment":[{"href":"https:\/\/fermebiodupetitsart.be\/index.php?rest_route=%2Fwp%2Fv2%2Fmedia&parent=175221882"}],"wp:term":[{"taxonomy":"category","embeddable":true,"href":"https:\/\/fermebiodupetitsart.be\/index.php?rest_route=%2Fwp%2Fv2%2Fcategories&post=175221882"},{"taxonomy":"post_tag","embeddable":true,"href":"https:\/\/fermebiodupetitsart.be\/index.php?rest_route=%2Fwp%2Fv2%2Ftags&post=175221882"}],"curies":[{"name":"wp","href":"https:\/\/api.w.org\/{rel}","templated":true}]}}