{"id":174392724,"date":"2013-01-21T14:09:09","date_gmt":"2013-01-21T12:09:09","guid":{"rendered":"http:\/\/fermebiodupetitsart.posterous.com\/toute-sa-vie-offerte-pour-le-respect-de-la-te"},"modified":"2015-01-10T09:26:37","modified_gmt":"2015-01-10T08:26:37","slug":"toute-sa-vie-offerte-pour-le-respect-de-la-te","status":"publish","type":"post","link":"https:\/\/fermebiodupetitsart.be\/?p=174392724","title":{"rendered":"Toute sa vie offerte pour le respect de la terre et de notre sant\u00e9 !"},"content":{"rendered":"<blockquote><p><span style=\"font-size:36px;\">D\u00e9c\u00e8s de Jacques Grevisse, un Ami- grand d\u00e9fenseur de notre Ferme Bio au Petit Sart&nbsp;<br \/><\/span><\/p>\n<div><\/p>\n<div>\n<div>\n<div>\n<p \/>\n<div>La nouvelle est tomb\u00e9e, comme un coup de tonnerre, par ce dimanche enneig\u00e9. &nbsp;Jacques Gr\u00e9visse (67 ans), Pr\u00e9sident de Nature &amp; Progr\u00e8s pour l&rsquo;Est du Brabant, vient de s&rsquo;\u00e9teindre. Tr\u00e8s entour\u00e9 de ses proches, il est parti suite \u00e0 une grave maladie en la clinique Saint-Pierre d&rsquo;Ottignies.<\/div>\n<p \/>\n<div>Il a \u00e9t\u00e9 professeur de g\u00e9ographie et d&rsquo;\u00e9cologie notamment \u00e0 l&rsquo;Ath\u00e9n\u00e9e de Waterloo. Mais Jacques Gr\u00e9visse est surtout connu comme la cheville ouvri\u00e8re et le Pr\u00e9sident du Cercle Biologique Horticole <i>Tournesol<\/i> bas\u00e9 \u00e0 Chaumont-Gistoux. Cette association est tr\u00e8s active dans les communes de l&rsquo;Est de notre province. Elle favorise, avec un succ\u00e8s toujours grandissant, le jardinage biologique. Quasi tous les jardins et potagers des 550 familles membres du Cercle <i>Tournesol <\/i>sont donc cultiv\u00e9s sans pesticide, sans engrais chimique. Ils privil\u00e9gient l&rsquo;accueil de la vie sauvage. Pionni\u00e8re, l&rsquo;Asbl <i>Tournesol<\/i>, fond\u00e9e il y a plus de 30 ans, est reconnue depuis 1995 comme \u00e9tant la Locale de l&rsquo;association Nature &amp; Progr\u00e8s pour les communes du Brabant Est.<\/div>\n<p \/>\n<div>Jacques Grevisse connaissait toutes les valeurs et les exigences de l&rsquo;engagement volontaire associatif. Il a&nbsp;assum\u00e9&nbsp;des responsabilit\u00e9s au sein du scoutisme (particuli\u00e8rement avec les louveteaux), puis au sein des Jeunesses scientifiques et dans son groupe citoyens d&rsquo;achats group\u00e9s de produits bio (favorisant ici les circuits courts et les liens directs avec les producteurs, mara\u00eechers et \u00e9leveurs locaux). Il \u00e9tait vice-Pr\u00e9sident de la <i>F\u00e9d\u00e9ration Provinciale des Coins des Terres et Jardins<\/i>, et actif au c\u00f4t\u00e9 de Pierre Boucher (D\u00e9put\u00e9-Pr\u00e9sident provincial sortant). Il \u00e9tait aussi tr\u00e8s engag\u00e9 dans le projet pilote \u00ab\u00a0<i>Les Jardins Partag\u00e9s de Louvrange\u00a0\u00bb<\/i>.&nbsp;<\/div>\n<p \/>\n<div>Son d\u00e9c\u00e8s est d&rsquo;autant plus surprenant que Jacques Grevisse \u00e9tait reconnu et appr\u00e9ci\u00e9 comme un grand sportif. Il adorait se <i>d\u00e9-stresser<\/i> en programmant de grandes balades \u00e0 v\u00e9lo dans nos campagnes &#8230; L&rsquo;\u00e9t\u00e9 dernier, accompagn\u00e9 de son \u00e9pouse Bernadette Ectors, il avait pu encore d\u00e9montrer ses dons et ses talents pour pr\u00e9parer et organiser un voyage-d\u00e9couverte au Pays de la Loire. Ce voyage de 10 jours a permis \u00e0 une bonne vingtaine de braban\u00e7ons de visiter des sites \u00e9cologiques et naturels d&rsquo;exception.<\/div>\n<p \/>\n<div>Manifestement, le d\u00e9c\u00e8s de Jacques Grevisse suscite beaucoup de regrets et d&rsquo;\u00e9motions.&nbsp;<\/div>\n<p \/>\n<div>Bernadette Gr\u00e9visse-Ectors, son \u00e9pouse, doit faire le travail de deux deuils \u00e0 la fois : celui de son mari Jacques et de son p\u00e8re, M. Vital Ectors, ing\u00e9nieur, d\u00e9c\u00e9d\u00e9 cette nuit. Ils partent ensemble unis, comme; ils l&rsquo;ont toujours \u00e9t\u00e9, au pays de l&rsquo;envers du d\u00e9cor.<\/div>\n<p \/>\n<div>Dimanche, nombre de membres du Cercle biologique horticole <i>Tournesol<\/i>&nbsp;se r\u00e9uniront mensuellement comme&nbsp;d&rsquo;habitude&nbsp;\u00e0 10 heures pour assister \u00e0 un atelier donn\u00e9 par Patricia Gramme (\u00ab\u00a0Comment r\u00e9ussir ses semis tout au&nbsp;long&nbsp;de l&rsquo;ann\u00e9e ? Sans trop de travail ?\u00a0\u00bb) en la Salle des f\u00eates de Dion-le-Val (rue de l&rsquo;\u00e9cole). Ils &nbsp; auront certainement \u00e0 coeur, autour d&rsquo;un verre de l&rsquo;Amiti\u00e9 pr\u00e9vu \u00e0 l&rsquo;issue du cours, de partager leurs excellents souvenirs de Jacques, leur infatigable Pr\u00e9sident, parti beaucoup trop t\u00f4t.<\/div>\n<p \/><\/div>\n<\/div>\n<\/div>\n<p \/>\n<p \/>\n<div class='p_embed p_image_embed'><a href=\"http:\/\/fermebiodupetitsart.be\/wp-content\/uploads\/2013\/04\/p1010801-jpeg-scaled-1000.jpg\"><img loading=\"lazy\" decoding=\"async\" alt=\"P1010801\" height=\"667\" src=\"http:\/\/fermebiodupetitsart.be\/wp-content\/uploads\/2013\/04\/p1010801-jpeg-scaled-1000.jpg?w=225\" width=\"500\" \/><\/a><\/div>\n<p \/>\n<div>Jacques Grevisse toute une vie offerte pour le respect de la terre et de notre sant\u00e9 prenant &nbsp;la parole lors d&rsquo;un stage d&rsquo;initiation au jardinage bio&nbsp;\u00e0 la Ferme Bio P\u00e9dagogique du Petit-Sart (C&rsquo;\u00e9tait \u00e0 P\u00e2ques 2012 \u00e0 Grez-Doiceau) ! &nbsp;Nous perdons un intervenant, un ami, d&rsquo;exception.<\/div>\n<p \/>\n<p \/><\/div>\n<\/blockquote>\n","protected":false},"excerpt":{"rendered":"<p>D\u00e9c\u00e8s de Jacques Grevisse, un Ami- grand d\u00e9fenseur de notre Ferme Bio au Petit Sart La nouvelle est tomb\u00e9e, comme un coup de tonnerre, par ce dimanche enneig\u00e9. Jacques Gr\u00e9visse (67 ans), Pr\u00e9sident de Nature &amp; Progr\u00e8s pour l&rsquo;Est du Brabant,&#8230; <a href=\"https:\/\/fermebiodupetitsart.be\/?p=174392724\">Continuer la lecture <span class=\"meta-nav\">&rarr;<\/span><\/a><\/p>\n","protected":false},"author":1,"featured_media":0,"comment_status":"closed","ping_status":"closed","sticky":false,"template":"","format":"standard","meta":{"footnotes":""},"categories":[2,3],"tags":[],"class_list":["post-174392724","post","type-post","status-publish","format-standard","hentry","category-chez-nous","category-dans-la-region"],"_links":{"self":[{"href":"https:\/\/fermebiodupetitsart.be\/index.php?rest_route=\/wp\/v2\/posts\/174392724","targetHints":{"allow":["GET"]}}],"collection":[{"href":"https:\/\/fermebiodupetitsart.be\/index.php?rest_route=\/wp\/v2\/posts"}],"about":[{"href":"https:\/\/fermebiodupetitsart.be\/index.php?rest_route=\/wp\/v2\/types\/post"}],"author":[{"embeddable":true,"href":"https:\/\/fermebiodupetitsart.be\/index.php?rest_route=\/wp\/v2\/users\/1"}],"replies":[{"embeddable":true,"href":"https:\/\/fermebiodupetitsart.be\/index.php?rest_route=%2Fwp%2Fv2%2Fcomments&post=174392724"}],"version-history":[{"count":1,"href":"https:\/\/fermebiodupetitsart.be\/index.php?rest_route=\/wp\/v2\/posts\/174392724\/revisions"}],"predecessor-version":[{"id":176277322,"href":"https:\/\/fermebiodupetitsart.be\/index.php?rest_route=\/wp\/v2\/posts\/174392724\/revisions\/176277322"}],"wp:attachment":[{"href":"https:\/\/fermebiodupetitsart.be\/index.php?rest_route=%2Fwp%2Fv2%2Fmedia&parent=174392724"}],"wp:term":[{"taxonomy":"category","embeddable":true,"href":"https:\/\/fermebiodupetitsart.be\/index.php?rest_route=%2Fwp%2Fv2%2Fcategories&post=174392724"},{"taxonomy":"post_tag","embeddable":true,"href":"https:\/\/fermebiodupetitsart.be\/index.php?rest_route=%2Fwp%2Fv2%2Ftags&post=174392724"}],"curies":[{"name":"wp","href":"https:\/\/api.w.org\/{rel}","templated":true}]}}