{"id":168816066,"date":"2012-11-16T10:12:24","date_gmt":"2012-11-16T08:12:24","guid":{"rendered":"http:\/\/fermebiodupetitsart.posterous.com\/une-autre-agriculture-est-possible-et-souhait"},"modified":"2015-01-10T09:26:38","modified_gmt":"2015-01-10T08:26:38","slug":"une-autre-agriculture-est-possible-et-souhait","status":"publish","type":"post","link":"https:\/\/fermebiodupetitsart.be\/?p=168816066","title":{"rendered":"Une autre agriculture est possible et souhaitable !"},"content":{"rendered":"<div>\n<blockquote>\n<div>\n<p \/>\n<p \/>\n<div>Mercredi, la r\u00e9gionale de Nature &amp; Progr\u00e8s attendait 300 personnes \u00e0 Louvain-la-Neuve pour sa conf\u00e9rence <i>\u00ab\u00a0Demain on mange quoi ?\u00a0\u00bb<\/i>.&nbsp;<\/div>\n<div>Est-ce la pr\u00e9sence conjointe du Ministre Wallon Carlo di Antonio, de la journaliste Isabelle Saporta, de l&rsquo; agriculteur bio Andr\u00e9 Grevisse ou le sujet (la r\u00e9forme de la P.A.C. et le futur Code Wallon de l&rsquo;Agriculture) qui a mobilis\u00e9 la toute grande foule\u2026 ?&nbsp;<\/div>\n<div>Plus de 500 consommateurs, agriculteurs, mara\u00eechers, professeurs et \u00e9tudiants du Brabant-Wallon et de Bruxelles se sont press\u00e9es aux entr\u00e9es de l&rsquo;auditoire Croix du Sud 18. &nbsp;Et malheureusement une centaine de personnes n&rsquo;a pu acc\u00e9der \u00e0 l&rsquo;amphith\u00e9\u00e2tre.&nbsp;<\/div>\n<div>Une soir\u00e9e d\u00e9bat particuli\u00e8rement r\u00e9ussie : plus de 300 <i>Livres noirs de l&rsquo;Agriculture<\/i> &nbsp;et des dizaines de DVD <i>\u00ab\u00a0Vache de Guerre ! \u00a0\u00bb <\/i>ont \u00e9t\u00e9 emport\u00e9s.&nbsp;<\/div>\n<div>A l&rsquo;issue de cette soir\u00e9e, tout le monde se f\u00e9licitait de la tr\u00e8s haute tenue des d\u00e9bats.<\/div>\n<p \/><\/div>\n<\/blockquote>\n<\/div>\n<p><div class='p_embed p_image_embed'><a href=\"http:\/\/fermebiodupetitsart.be\/wp-content\/uploads\/2013\/04\/p1030157-jpeg-scaled-1000.jpg\"><img loading=\"lazy\" decoding=\"async\" alt=\"P1030157\" height=\"375\" src=\"http:\/\/fermebiodupetitsart.be\/wp-content\/uploads\/2013\/04\/p1030157-jpeg-scaled-1000.jpg?w=300\" width=\"500\" \/><\/a><\/div>\n<\/p>\n<p \/>\n<p><div class='p_embed p_image_embed'><a href=\"http:\/\/fermebiodupetitsart.be\/wp-content\/uploads\/2013\/04\/p1030139-jpeg-scaled-1000.jpg\"><img loading=\"lazy\" decoding=\"async\" alt=\"P1030139\" height=\"375\" src=\"http:\/\/fermebiodupetitsart.be\/wp-content\/uploads\/2013\/04\/p1030139-jpeg-scaled-1000.jpg?w=300\" width=\"500\" \/><\/a><\/div>\n<\/p>\n<p \/>\n<p \/>\n<p \/>\n<p \/>\n<p><div class='p_embed p_image_embed'><a href=\"http:\/\/fermebiodupetitsart.be\/wp-content\/uploads\/2013\/04\/p1030141-scaled-1000.jpg\"><img loading=\"lazy\" decoding=\"async\" alt=\"P1030141\" height=\"243\" src=\"http:\/\/fermebiodupetitsart.be\/wp-content\/uploads\/2013\/04\/p1030141-scaled-1000.jpg?w=300\" width=\"500\" \/><\/a><\/div>\n<\/p>\n<p \/>\n<p><div class='p_embed p_image_embed'><a href=\"http:\/\/fermebiodupetitsart.be\/wp-content\/uploads\/2013\/04\/p1030127-scaled-1000.jpg\"><img loading=\"lazy\" decoding=\"async\" alt=\"P1030127\" height=\"375\" src=\"http:\/\/fermebiodupetitsart.be\/wp-content\/uploads\/2013\/04\/p1030127-scaled-1000.jpg?w=300\" width=\"500\" \/><\/a><\/div>\n<\/p>\n<p \/>\n<p \/>\n<div>Photos libres de droits de reproduction moyennant la mention : &nbsp; &nbsp; <b>&nbsp;Photos Carl VANDOORNE\/M\u00e9dialogues<\/b><\/div>\n","protected":false},"excerpt":{"rendered":"<p>Mercredi, la r\u00e9gionale de Nature &amp; Progr\u00e8s attendait 300 personnes   Louvain-la-Neuve pour sa conf\u00e9rence \u00ab\u00a0Demain on mange quoi ?\u00a0\u00bb. Est-ce la pr\u00e9sence conjointe du Ministre Wallon Carlo di Antonio, de la journaliste Isabelle Saporta, de l&rsquo; agr&#8230; <a href=\"https:\/\/fermebiodupetitsart.be\/?p=168816066\">Continuer la lecture <span class=\"meta-nav\">&rarr;<\/span><\/a><\/p>\n","protected":false},"author":1,"featured_media":0,"comment_status":"closed","ping_status":"closed","sticky":false,"template":"","format":"standard","meta":{"footnotes":""},"categories":[4],"tags":[],"class_list":["post-168816066","post","type-post","status-publish","format-standard","hentry","category-debat-de-societe"],"_links":{"self":[{"href":"https:\/\/fermebiodupetitsart.be\/index.php?rest_route=\/wp\/v2\/posts\/168816066","targetHints":{"allow":["GET"]}}],"collection":[{"href":"https:\/\/fermebiodupetitsart.be\/index.php?rest_route=\/wp\/v2\/posts"}],"about":[{"href":"https:\/\/fermebiodupetitsart.be\/index.php?rest_route=\/wp\/v2\/types\/post"}],"author":[{"embeddable":true,"href":"https:\/\/fermebiodupetitsart.be\/index.php?rest_route=\/wp\/v2\/users\/1"}],"replies":[{"embeddable":true,"href":"https:\/\/fermebiodupetitsart.be\/index.php?rest_route=%2Fwp%2Fv2%2Fcomments&post=168816066"}],"version-history":[{"count":1,"href":"https:\/\/fermebiodupetitsart.be\/index.php?rest_route=\/wp\/v2\/posts\/168816066\/revisions"}],"predecessor-version":[{"id":176277324,"href":"https:\/\/fermebiodupetitsart.be\/index.php?rest_route=\/wp\/v2\/posts\/168816066\/revisions\/176277324"}],"wp:attachment":[{"href":"https:\/\/fermebiodupetitsart.be\/index.php?rest_route=%2Fwp%2Fv2%2Fmedia&parent=168816066"}],"wp:term":[{"taxonomy":"category","embeddable":true,"href":"https:\/\/fermebiodupetitsart.be\/index.php?rest_route=%2Fwp%2Fv2%2Fcategories&post=168816066"},{"taxonomy":"post_tag","embeddable":true,"href":"https:\/\/fermebiodupetitsart.be\/index.php?rest_route=%2Fwp%2Fv2%2Ftags&post=168816066"}],"curies":[{"name":"wp","href":"https:\/\/api.w.org\/{rel}","templated":true}]}}