{"id":164855306,"date":"2012-10-11T08:29:20","date_gmt":"2012-10-11T06:29:20","guid":{"rendered":"http:\/\/fermebiodupetitsart.posterous.com\/une-verite-qui-derange"},"modified":"2015-01-10T09:27:01","modified_gmt":"2015-01-10T08:27:01","slug":"une-verite-qui-derange","status":"publish","type":"post","link":"https:\/\/fermebiodupetitsart.be\/?p=164855306","title":{"rendered":"Une V\u00e9rit\u00e9 qui d\u00e9range !"},"content":{"rendered":"<div>\n<blockquote>\n<div>\n<div>\n<p style=\"margin-bottom:12pt;\"><b><span style=\"font-size:20pt;\">Alain Clabots et son Echevin ont refus\u00e9 l\u2019offre de construction du bassin d\u2019orages \u00e0 Grez-Doiceau<\/span><\/b><\/p>\n<\/div>\n<div class=\"Section2\">\n<p style=\"margin-bottom:12pt;\"><span style=\"font-size:11pt;\">Comme \u00e0 Clabecq (Tubize) nous ne sommes toujours pas \u00e0 l\u2019abri d\u2019inondations. Voici 10 ans, les 27 et 28 ao\u00fbt 2002, d\u2019importantes inondations frappaient Grez-Doiceau.&nbsp;Aujourd\u2019hui, <b>l\u2019association apolitique<\/b>, Les Amis de la Ferme Bio du Petit Sart (qui regroupe pr\u00e8s de 400 sympathisants) sort de sa r\u00e9serve.<\/span><\/p>\n<p style=\"margin-bottom:12pt;\"><span style=\"font-size:11pt;\">Plusieurs membres de l\u2019Association ont regard\u00e9 attentivement le d\u00e9bat pr\u00e9-\u00e9lectoral du 25 septembre (sur TVcom) rassemblant les 4 principales t\u00eates de listes de Grez-Doiceau.&nbsp;<\/span><\/p>\n<p style=\"margin-bottom:12pt;\"><span style=\"font-size:11pt;\">Quels ne furent pas leur \u00e9tonnement et stup\u00e9faction quand ils ont entendu, Alain Clabots, le Bourgmestre sortant, parler du Plan contre les Inondations&nbsp;\u00ab&nbsp;<i>un dossier qui m\u2019\u00e9nerve tous les jours<\/i>&nbsp;\u00bb (sic)&nbsp; et\u2026 d\u2019accuser nos d\u00e9put\u00e9s provinciaux &nbsp;(Ecolo et MR) de ne pas avoir assum\u00e9 leur r\u00f4le !<\/span><\/p>\n<\/div>\n<div class=\"Section3\">\n<p style=\"margin-bottom:12pt;\"><b><span style=\"font-size:19pt;\">Stop&nbsp;! La v\u00e9rit\u00e9 a ses droits. Les victimes des inondations de 2002 ont le droit de savoir.<\/span><\/b><\/p>\n<\/p><\/div>\n<p> <span style=\"font-size:12pt;\"><br \/> <\/span> <\/p>\n<div class=\"Section4\">\n<p style=\"margin-bottom:12pt;\"><span style=\"font-size:11pt;\">Le 14 f\u00e9vrier 2009, Hubert del Marmol adressait tant au Bourgmestre CdH Clabots qu\u2019aux Echevins Vanseveren et Feys une proposition de compromis (en 4 pages). Elle aurait pu leur permettre d\u2019obtenir le soutien du Coll\u00e8ge pour la construction de sa petite ferme biologique au Petit-Sart en \u00e9change de la cession imm\u00e9diate de 2,7 hectares de ses bonnes terres agricoles sises \u00e0 Cocrou pour permettre d\u2019y &nbsp;am\u00e9nager une zone d\u2019expansion de crues (bassin d\u2019orages) en bordure du Pi\u00e9trebais.<\/span><\/p>\n<p style=\"margin-bottom:12pt;\"><span style=\"font-size:11pt;\">A la suite de cette proposition \u00e9crite, le mardi 17 f\u00e9vrier 2009,&nbsp; une tentative de conciliation s\u2019est tenue \u00e0 la Maison Communale rassemblant Hubert del Marmol,&nbsp;le Bourgmestre CdH et le premier Echevin, en charge de l\u2019Urbanisme. Le compromis \u00e9crit noir sur blanc \u00e9tait formul\u00e9 comme suit. TEXTO&nbsp;:<\/span><\/p>\n<\/div>\n<div class=\"Section5\">\n<p style=\"margin-bottom:12pt;\">\u201c<i>En guise de recherche d\u2019un compromis acceptable pour les deux parties, qui a l\u2019avantage de concilier <\/i><b><i><span style=\"font-size:14pt;\">l\u2019int\u00e9r\u00eat g\u00e9n\u00e9ral<\/span><\/i><\/b><i> tout en prenant en compte mes contraintes et besoins professionnels, je me risque \u00e0 vous faire une proposition :<\/i><\/p>\n<p style=\"margin-bottom:12pt;\"><i>Malgr\u00e9 le pr\u00e9judice \u00e9vident de perte 2,7 hectares de mes bonnes terres agricoles pour r\u00e9aliser la digue et la zone d\u2019expansion de crues sur le Pi\u00e9trebais, je suis pr\u00eat \u00e0 renoncer \u00e0 d\u00e9poser un Recours motiv\u00e9 au Conseil d\u2019Etat, si vous m\u2019accordez le permis de b\u00e2tir sans d\u00e9lai.<\/i><\/p>\n<p style=\"margin-bottom:12pt;\"><i>Par cette proposition d\u2019accord (selon la philosophie win-win), la majorit\u00e9 communale :<\/i><\/p>\n<p><i>1.<\/i><span style=\"font-size:9pt;font-family:Times New Roman;\">&nbsp;&nbsp;&nbsp;&nbsp; <\/span><i>Peut concr\u00e9tiser sans tarder son Plan Anti-Inondations (cfr 26\u00e8me paragraphe de votre \u201cprogramme de politique g\u00e9n\u00e9rale 2007-2012\u201d);<\/i><\/p>\n<p><i>2.<\/i><span style=\"font-size:9pt;font-family:Times New Roman;\">&nbsp;&nbsp;&nbsp;&nbsp; <\/span><i>D\u00e9montre que, au-del\u00e0 des paroles \u2013 dans les faits ! \u2013 elle soutien la cr\u00e9ation de petites fermes biologiques et la promesse de cr\u00e9ation d\u2019emplois dans notre entit\u00e9.<\/i><\/p>\n<p style=\"margin-bottom:12pt;\"><i>Tandis que moi, je pourrai rapidement concr\u00e9tiser, enfin, mon implantation \u00e0 Grez et \u2013 soutenus par nombres d\u2019ami-e-s &#8211; &nbsp;r\u00e9aliser la conversion de mon exploitation traditionnelle vers le bio, infiniment plus en phase avec le d\u00e9veloppement durable. Un enjeu vital pour l\u2019avenir de notre plan\u00e8te. Voici la proposition \u201cwin-win\u201d que je sugg\u00e8re \u00e0 la sagacit\u00e9 du Coll\u00e8ge des Bourgmestre et Echevins. Pouvez-vous la d\u00e9fendre et l\u2019argumenter ? On pourra en reparler mardi prochain. <\/i>\u201c<\/p>\n<p style=\"margin-bottom:0;\">&nbsp;<\/p>\n<\/p><\/div>\n<p> <span style=\"font-size:12pt;\"><br \/> <\/span> <\/p>\n<div class=\"Section6\">\n<p style=\"margin-bottom:12pt;\"><span style=\"font-size:11pt;\">La commune \u00e9tant rest\u00e9e insensible \u00e0 l\u2019offre d\u2019\u00e9change faite (\u00ab&nbsp;<i>pas de marchandage pour un permis&nbsp;\u00bb<\/i>&nbsp;dira Clabots \u00e0 La Derni\u00e8re Heure <\/span><span style=\"font-size:9pt;\">des 6 &amp; 7 octobre<\/span><span style=\"font-size:11pt;\">), Hubert del Marmol&nbsp; a d\u00e9pos\u00e9 un Recours &nbsp;(et gagn\u00e9 !) devant le Conseil d\u2019Etat contre le permis d\u2019urbanisme pour le bassin d\u2019orages \u00e0 Cocrou. Apr\u00e8s \u00e9tude du dossier, le Conseil d\u2019Etat a annul\u00e9 le permis donnant raison \u00e0 l\u2019agriculteur, car le dossier \u00e9tait \u00ab&nbsp;tr\u00e8s&nbsp;mal ficel\u00e9&nbsp;\u00bb.<\/span><\/p>\n<p \/><\/div>\n<div class=\"Section7\">\n<p style=\"margin-bottom:12pt;\"><b><span style=\"font-size:22pt;\">Encore une autre \u00ab&nbsp;gaffe&nbsp;\u00bb d\u2019Alain Clabots\u2026<\/span><\/b><span style=\"font-size:22pt;\"><\/span><\/p>\n<\/p><\/div>\n<p> <span style=\"font-size:12pt;\"><br \/> <\/span> <\/p>\n<div class=\"Section8\">\n<p style=\"margin-bottom:12pt;\"><span style=\"font-size:11pt;\">Pour les Amis de la Ferme Bio du Petit Sart, \u201dAlain Clabots bourgmestre et agriculteur n\u2019est pas \u00e0 une gaffe pr\u00eat <\/span><span style=\"font-size:9pt;\">(cfr. l\u2019article de L\u2019Avenir du 21 ao\u00fbt&nbsp;2012\u00bb<\/span><span style=\"font-size:11pt;\">. Inflexible (psycho-rigide&nbsp; comme il sait l\u2019\u00eatre diront certains), &nbsp;Alain Clabots n\u2019a pas r\u00e9alis\u00e9 sa super-priorit\u00e9 \u00e9lectorale, \u00ab&nbsp;son&nbsp;Plan anti-inondations&nbsp;\u00bb, promise lors de \u00e9lections de \u2026 2006. Alain Clabots et ses \u00e9chevins recevaient pourtant une belle proposition d\u2019un agriculteur pour construire tr\u00e8s rapidement l\u2019indispensable bassin d\u2019orages (zone d\u2019expansion de crues \u00e0 Cocrou). &nbsp;La v\u00e9rit\u00e9, c\u2019est qu\u2019ici encore le Bourgmestre sortant de Grez-Doiceau <i>(\u201cqui est aussi agriculteur quelque part<\/i>\u201d rappela-t-il sur le plateau de TVcom) a privil\u00e9gi\u00e9 ses ranc\u0153urs personnelles contre le bien \u00eatre et la s\u00e9curit\u00e9 de tous.<\/span><\/p>\n<p style=\"margin-bottom:12pt;\"><span style=\"font-size:11pt;\">Mauvais perdant, il essaie &nbsp;\u00e0 la veille d\u2019un scrutin de faire porter le chapeau par les autres. On se rappellera que <b>les inondations sont survenues voici 10 ans d\u00e9j\u00e0. A cette \u00e9poque Alain Clabots \u00e9tait Echevin des Travaux. Il a \u00e9t\u00e9 Bourgmestre durant 6 ans, mais a rat\u00e9 une belle opportunit\u00e9 pour l\u2019\u00e9rection du grand bassin d\u2019orages \u00e0 Cocrou.<\/b> Les victimes des inondations appr\u00e9cieront la r\u00e9v\u00e9lation de ces documents<\/span><\/p>\n<\/p><\/div>\n<p> <span style=\"font-size:11pt;\"><br \/> <\/span><\/p>\n<p style=\"margin-bottom:0;\">&nbsp;<\/p>\n<p \/><\/div>\n<\/blockquote>\n<\/div>\n<p><div class='p_embed p_image_embed'><a href=\"http:\/\/fermebiodupetitsart.be\/wp-content\/uploads\/2013\/04\/p1080035-jpeg-scaled-1000.jpg\"><img loading=\"lazy\" decoding=\"async\" alt=\"P1080035\" height=\"375\" src=\"http:\/\/fermebiodupetitsart.be\/wp-content\/uploads\/2013\/04\/p1080035-jpeg-scaled-1000.jpg?w=300\" width=\"500\" \/><\/a><\/div>\n<\/p>\n<p \/>\n<p><div class='p_embed p_image_embed'><a href=\"http:\/\/fermebiodupetitsart.be\/wp-content\/uploads\/2013\/04\/p1080164-jpeg-scaled-1000.jpg\"><img loading=\"lazy\" decoding=\"async\" alt=\"P1080164\" height=\"375\" src=\"http:\/\/fermebiodupetitsart.be\/wp-content\/uploads\/2013\/04\/p1080164-jpeg-scaled-1000.jpg?w=300\" width=\"500\" \/><\/a><\/div>\n<\/p>\n<p \/>\n<p><div class='p_embed p_image_embed'><a href=\"http:\/\/fermebiodupetitsart.be\/wp-content\/uploads\/2013\/04\/p1080332-jpeg-scaled-1000.jpg\"><img loading=\"lazy\" decoding=\"async\" alt=\"P1080332\" height=\"667\" src=\"http:\/\/fermebiodupetitsart.be\/wp-content\/uploads\/2013\/04\/p1080332-jpeg-scaled-1000.jpg?w=225\" width=\"500\" \/><\/a><\/div>\n<\/p>\n<p><div class='p_embed p_image_embed'><a href=\"http:\/\/fermebiodupetitsart.be\/wp-content\/uploads\/2013\/04\/p1080328-jpeg-scaled-1000.jpg\"><img loading=\"lazy\" decoding=\"async\" alt=\"P1080328\" height=\"667\" src=\"http:\/\/fermebiodupetitsart.be\/wp-content\/uploads\/2013\/04\/p1080328-jpeg-scaled-1000.jpg?w=225\" width=\"500\" \/><\/a><\/div>\n<\/p>\n<p><div class='p_embed p_image_embed'><a href=\"http:\/\/fermebiodupetitsart.be\/wp-content\/uploads\/2013\/04\/p1080326-jpeg-scaled-1000.jpg\"><img loading=\"lazy\" decoding=\"async\" alt=\"P1080326\" height=\"589\" src=\"http:\/\/fermebiodupetitsart.be\/wp-content\/uploads\/2013\/04\/p1080326-jpeg-scaled-1000.jpg?w=254\" width=\"500\" \/><\/a><\/div><\/p>\n","protected":false},"excerpt":{"rendered":"<p>Alain Clabots et son Echevin ont refus\u00e9 l\u2019offre de construction du bassin d\u2019orages   Grez-Doiceau Comme   Clabecq (Tubize) nous ne sommes toujours pas   l\u2019abri d\u2019inondations. Voici 10 ans, les 27 et 28 ao\u00fbt 2002, d\u2019importantes inond&#8230; <a href=\"https:\/\/fermebiodupetitsart.be\/?p=164855306\">Continuer la lecture <span class=\"meta-nav\">&rarr;<\/span><\/a><\/p>\n","protected":false},"author":1,"featured_media":0,"comment_status":"closed","ping_status":"closed","sticky":false,"template":"","format":"standard","meta":{"footnotes":""},"categories":[2,3,5],"tags":[],"class_list":["post-164855306","post","type-post","status-publish","format-standard","hentry","category-chez-nous","category-dans-la-region","category-revue-de-presse"],"_links":{"self":[{"href":"https:\/\/fermebiodupetitsart.be\/index.php?rest_route=\/wp\/v2\/posts\/164855306","targetHints":{"allow":["GET"]}}],"collection":[{"href":"https:\/\/fermebiodupetitsart.be\/index.php?rest_route=\/wp\/v2\/posts"}],"about":[{"href":"https:\/\/fermebiodupetitsart.be\/index.php?rest_route=\/wp\/v2\/types\/post"}],"author":[{"embeddable":true,"href":"https:\/\/fermebiodupetitsart.be\/index.php?rest_route=\/wp\/v2\/users\/1"}],"replies":[{"embeddable":true,"href":"https:\/\/fermebiodupetitsart.be\/index.php?rest_route=%2Fwp%2Fv2%2Fcomments&post=164855306"}],"version-history":[{"count":1,"href":"https:\/\/fermebiodupetitsart.be\/index.php?rest_route=\/wp\/v2\/posts\/164855306\/revisions"}],"predecessor-version":[{"id":176277327,"href":"https:\/\/fermebiodupetitsart.be\/index.php?rest_route=\/wp\/v2\/posts\/164855306\/revisions\/176277327"}],"wp:attachment":[{"href":"https:\/\/fermebiodupetitsart.be\/index.php?rest_route=%2Fwp%2Fv2%2Fmedia&parent=164855306"}],"wp:term":[{"taxonomy":"category","embeddable":true,"href":"https:\/\/fermebiodupetitsart.be\/index.php?rest_route=%2Fwp%2Fv2%2Fcategories&post=164855306"},{"taxonomy":"post_tag","embeddable":true,"href":"https:\/\/fermebiodupetitsart.be\/index.php?rest_route=%2Fwp%2Fv2%2Ftags&post=164855306"}],"curies":[{"name":"wp","href":"https:\/\/api.w.org\/{rel}","templated":true}]}}