{"id":163970995,"date":"2012-10-02T09:28:38","date_gmt":"2012-10-02T07:28:38","guid":{"rendered":"http:\/\/fermebiodupetitsart.posterous.com\/grez-doiceau-une-gaffe-qui-coute-chere"},"modified":"2015-01-10T09:27:01","modified_gmt":"2015-01-10T08:27:01","slug":"grez-doiceau-une-gaffe-qui-coute-chere","status":"publish","type":"post","link":"https:\/\/fermebiodupetitsart.be\/?p=163970995","title":{"rendered":"Grez-Doiceau : une \u00ab\u00a0gaffe\u00a0\u00bb qui co\u00fbte ch\u00e8re"},"content":{"rendered":"<div>\n<blockquote>\n<div>\n<p style=\"margin-bottom:0;\"><span style=\"font-size:18pt;font-family:Arial;\">Suivant la recommandation de ses conseils, Hubert del Marmol, \u00e9leveur bio,<\/span><span style=\"font-family:Arial;font-size:24px;\">&nbsp;a adress\u00e9 une lettre recommand\u00e9e \u00e0 Alain Clabots, Bourgmestre de Grez-Doiceau (et \u00e0 son Coll\u00e8ge \u00e9chevinal). Il y a joint la copie des premiers honoraires qu&rsquo;il a d\u00fb payer \u00e0 ses avocats (d\u00e9j\u00e0 plus de 3000 euros&nbsp;!) pour assurer sa d\u00e9fense devant le Conseil d&rsquo;Etat du permis d&rsquo;urbanisme pour sa ferme bio du Petit Sart.&nbsp;<\/span><\/p>\n<p style=\"margin-bottom:0;\"><span style=\"font-family:Helvetica;\">&nbsp;<\/span><\/p>\n<p style=\"margin-bottom:0;\"><span style=\"font-size:18pt;font-family:Arial;\">Dans cette lettre, l&rsquo;agriculteur Bio de Sart-Biez interpelle d&#8217;embl\u00e9e les \u00e9diles communaux : <i>\u00ab&nbsp;<b>Serez-vous de bons comptes&nbsp;?<\/b> Vous n\u2019\u00eates pas sans savoir qu\u2019un troisi\u00e8me recours a \u00e9t\u00e9 introduit au Conseil d\u2019Etat contre mon permis d\u2019Urbanisme (b\u00e2timents de ferme bio construits en toute l\u00e9galit\u00e9).<\/i><\/span><i><span style=\"font-family:Helvetica;color:#0B36A2;\"><\/span><\/i><\/p>\n<p style=\"margin-bottom:0;\"><i><span style=\"font-family:Helvetica;\">&nbsp;<\/span><\/i><\/p>\n<p style=\"margin-bottom:0;\"><i><span style=\"font-size:18pt;font-family:Arial;\">Conform\u00e9ment \u00e0 l\u2019article 343 du Cwatupe, l\u2019autorit\u00e9 communale<span>&nbsp;<\/span>a commis une erreur manifeste. Elle aurait d\u00fb, dans les 20 jours suivant l\u2019octroi du permis sign\u00e9 par le Ministre Henry, envoyer un courrier \u00e0 tous les citoyens qui ont \u00e9crit lors de l\u2019enqu\u00eate publique. Or, ce permis a \u00e9t\u00e9 octroy\u00e9 en date du 22 septembre 2011. Cette lettre n\u2019a \u00e9t\u00e9 envoy\u00e9e, sign\u00e9e de la main du Bourgmestre et du secr\u00e9taire communal, qu\u2019en date du 4 juin 2012, avec \u2026 8 mois de retard&nbsp;! Alors que vous saviez pertinemment bien qu\u2019une nouvelle attaque \u00ab&nbsp;en annulation du permis minist\u00e9riel&nbsp;\u00bb avait d\u00e9j\u00e0 \u00e9t\u00e9 introduite au Conseil d\u2019Etat.<\/span><\/i><i><span style=\"font-family:Helvetica;color:#0B36A2;\"><\/span><\/i><\/p>\n<p style=\"margin-bottom:0;\"><i><span style=\"font-family:Helvetica;\">&nbsp;<\/span><\/i><\/p>\n<p style=\"margin-bottom:0;\"><i><span style=\"font-size:18pt;font-family:Arial;\">Un manquement ou oubli (volontaire&nbsp;ou non ?) de votre administration provoque pour mon entreprise agricole et les maraichers ind\u00e9pendants cultivant sur mes bonnes terres bio, de s\u00e9rieuses incertitudes professionnelles. En outre, cette n\u00e9gligence m\u2019occasionne d\u2019importants frais qui ne m\u2019incombent pas. Ces derniers r\u00e9sultent d\u2019un manquement manifeste de votre Coll\u00e8ge.<\/span><\/i><i><span style=\"font-family:Helvetica;color:#0B36A2;\"><\/span><\/i><\/p>\n<p style=\"margin-bottom:0;\"><i><span style=\"font-family:Helvetica;\">&nbsp;<\/span><\/i><\/p>\n<p style=\"margin-bottom:0;\"><i><span style=\"font-size:18pt;font-family:Arial;\">Pour me d\u00e9fendre, j\u2019ai d\u00fb \u00e0 nouveau faire appel \u00e0 mes avocats experts en Urbanisme.Vous trouverez annex\u00e9e \u00e0 la pr\u00e9sente la copie des premiers honoraires de mes avocats. Ils s\u2019\u00e9levent \u00e0 <span>3083,45<\/span> \u20ac (<span>trois mille quatre-vingt-trois euros et quarante cinq cents<\/span>). En tout \u00e9tat de fait ces honoraires incombent \u00e0 votre\/notre commune qui a commis&nbsp; une faute manifeste. C\u2019est pourquoi je vous demande de me rembourser ces honoraires dans la quinzaine sur mon compte \u00e0 la banque Belfius n\u00b0 BE91 0631 2290 2276.&nbsp;<\/span><\/i><i><span style=\"font-family:Helvetica;color:#0B36A2;\"><\/span><\/i><\/p>\n<p style=\"margin-bottom:0;\"><i><span style=\"font-family:Helvetica;\">&nbsp;<\/span><\/i><\/p>\n<p style=\"margin-bottom:0;\"><i><span style=\"font-size:18pt;font-family:Arial;\">Dans cette attente, j\u2019ose esp\u00e9rer, Monsieur le Bourgmestre, Mesdames et Messieurs les Echevins que votre\/notre commune sera de bons comptes. D\u2019avance, je vous en remercie. Je vous prie de recevoir mes plus cordiales salutations. <span>Hubert del Marmol&nbsp;\u00bb<\/span><\/span><\/i><i><span style=\"font-family:Helvetica;color:#0B36A2;\"><\/span><\/i><\/p>\n<p style=\"margin-bottom:0;\"><i><span style=\"font-family:Helvetica;\">&nbsp;<\/span><\/i><\/p>\n<p style=\"margin-bottom:0;\">&nbsp;<\/p>\n<\/div>\n<p \/>\n<p \/><\/p>\n<p \/><\/blockquote>\n<\/div>\n<p><\/p>\n<p><div class='p_embed p_image_embed'><a href=\"http:\/\/fermebiodupetitsart.be\/wp-content\/uploads\/2013\/04\/p1010502-jpeg-scaled-1000.jpg\"><img loading=\"lazy\" decoding=\"async\" alt=\"P1010502\" height=\"375\" src=\"http:\/\/fermebiodupetitsart.be\/wp-content\/uploads\/2013\/04\/p1010502-jpeg-scaled-1000.jpg?w=300\" width=\"500\" \/><\/a><a href=\"http:\/\/fermebiodupetitsart.be\/wp-content\/uploads\/2013\/04\/p1010669-jpeg-scaled-1000.jpg\"><img loading=\"lazy\" decoding=\"async\" alt=\"P1010669\" height=\"375\" src=\"http:\/\/fermebiodupetitsart.be\/wp-content\/uploads\/2013\/04\/p1010669-jpeg-scaled-1000.jpg?w=300\" width=\"500\" \/><\/a><\/div><\/p>\n","protected":false},"excerpt":{"rendered":"<p>Suivant la recommandation de ses conseils, Hubert del Marmol, \u00e9leveur bio, a adress\u00e9 une lettre recommand\u00e9e   Alain Clabots, Bourgmestre de Grez-Doiceau (et   son Coll\u00e8ge \u00e9chevinal). Il y a joint la copie des premiers honoraires qu&rsquo;il a d\u00fb&#8230; <a href=\"https:\/\/fermebiodupetitsart.be\/?p=163970995\">Continuer la lecture <span class=\"meta-nav\">&rarr;<\/span><\/a><\/p>\n","protected":false},"author":1,"featured_media":0,"comment_status":"closed","ping_status":"closed","sticky":false,"template":"","format":"standard","meta":{"footnotes":""},"categories":[3,5],"tags":[],"class_list":["post-163970995","post","type-post","status-publish","format-standard","hentry","category-dans-la-region","category-revue-de-presse"],"_links":{"self":[{"href":"https:\/\/fermebiodupetitsart.be\/index.php?rest_route=\/wp\/v2\/posts\/163970995","targetHints":{"allow":["GET"]}}],"collection":[{"href":"https:\/\/fermebiodupetitsart.be\/index.php?rest_route=\/wp\/v2\/posts"}],"about":[{"href":"https:\/\/fermebiodupetitsart.be\/index.php?rest_route=\/wp\/v2\/types\/post"}],"author":[{"embeddable":true,"href":"https:\/\/fermebiodupetitsart.be\/index.php?rest_route=\/wp\/v2\/users\/1"}],"replies":[{"embeddable":true,"href":"https:\/\/fermebiodupetitsart.be\/index.php?rest_route=%2Fwp%2Fv2%2Fcomments&post=163970995"}],"version-history":[{"count":1,"href":"https:\/\/fermebiodupetitsart.be\/index.php?rest_route=\/wp\/v2\/posts\/163970995\/revisions"}],"predecessor-version":[{"id":176277328,"href":"https:\/\/fermebiodupetitsart.be\/index.php?rest_route=\/wp\/v2\/posts\/163970995\/revisions\/176277328"}],"wp:attachment":[{"href":"https:\/\/fermebiodupetitsart.be\/index.php?rest_route=%2Fwp%2Fv2%2Fmedia&parent=163970995"}],"wp:term":[{"taxonomy":"category","embeddable":true,"href":"https:\/\/fermebiodupetitsart.be\/index.php?rest_route=%2Fwp%2Fv2%2Fcategories&post=163970995"},{"taxonomy":"post_tag","embeddable":true,"href":"https:\/\/fermebiodupetitsart.be\/index.php?rest_route=%2Fwp%2Fv2%2Ftags&post=163970995"}],"curies":[{"name":"wp","href":"https:\/\/api.w.org\/{rel}","templated":true}]}}