{"id":161633117,"date":"2012-09-17T20:30:22","date_gmt":"2012-09-17T18:30:22","guid":{"rendered":"http:\/\/fermebiodupetitsart.posterous.com\/a-savourer-le-miel-de-printemps-et-dete-du-pe"},"modified":"2015-01-10T09:27:01","modified_gmt":"2015-01-10T08:27:01","slug":"a-savourer-le-miel-de-printemps-et-dete-du-pe","status":"publish","type":"post","link":"https:\/\/fermebiodupetitsart.be\/?p=161633117","title":{"rendered":"A savourer : Le miel de Printemps et d&rsquo;Et\u00e9 du Petit-Sart !"},"content":{"rendered":"<div>Du 17 au 23 septembre, se tient \u00e0 Bruxelles la 5\u00e8me \u00e9dition de la \u00ab\u00a0Semaine du go\u00fbt\u00a0\u00bb (1). Une belle opportunit\u00e9 pour vous faire part de la production de miel extra \u00e0 Grez-Doiceau !<\/div>\n<p \/>\n<p \/>\n<p><div class='p_embed p_image_embed'><a href=\"http:\/\/fermebiodupetitsart.be\/wp-content\/uploads\/2013\/04\/p1060356-jpeg-scaled-1000.jpg\"><img loading=\"lazy\" decoding=\"async\" alt=\"P1060356\" height=\"369\" src=\"http:\/\/fermebiodupetitsart.be\/wp-content\/uploads\/2013\/04\/p1060356-jpeg-scaled-1000.jpg?w=300\" width=\"500\" \/><\/a><\/div>\n<\/p>\n<p \/>\n<div>Profitant notamment des bonnes cultures et fleurs bio de la Ferme, les abeilles s\u00e9journant au Petit-Sart (Biez) ont bien travaill\u00e9&#8230; &nbsp;Toutes nos f\u00e9licitations aussi \u00e0 l&rsquo;apiculteur !<\/div>\n","protected":false},"excerpt":{"rendered":"<p>Du 17 au 23 septembre, se tient   Bruxelles la 5\u00e8me \u00e9dition de la \u00ab\u00a0Semaine du go\u00fbt\u00a0\u00bb (1). Une belle opportunit\u00e9 pour vous faire part de la production de miel extra   Grez-Doiceau !Profitant notamment des bonnes cultures et fleurs bio de la Fe&#8230; <a href=\"https:\/\/fermebiodupetitsart.be\/?p=161633117\">Continuer la lecture <span class=\"meta-nav\">&rarr;<\/span><\/a><\/p>\n","protected":false},"author":1,"featured_media":0,"comment_status":"closed","ping_status":"closed","sticky":false,"template":"","format":"standard","meta":{"footnotes":""},"categories":[2],"tags":[],"class_list":["post-161633117","post","type-post","status-publish","format-standard","hentry","category-chez-nous"],"_links":{"self":[{"href":"https:\/\/fermebiodupetitsart.be\/index.php?rest_route=\/wp\/v2\/posts\/161633117","targetHints":{"allow":["GET"]}}],"collection":[{"href":"https:\/\/fermebiodupetitsart.be\/index.php?rest_route=\/wp\/v2\/posts"}],"about":[{"href":"https:\/\/fermebiodupetitsart.be\/index.php?rest_route=\/wp\/v2\/types\/post"}],"author":[{"embeddable":true,"href":"https:\/\/fermebiodupetitsart.be\/index.php?rest_route=\/wp\/v2\/users\/1"}],"replies":[{"embeddable":true,"href":"https:\/\/fermebiodupetitsart.be\/index.php?rest_route=%2Fwp%2Fv2%2Fcomments&post=161633117"}],"version-history":[{"count":1,"href":"https:\/\/fermebiodupetitsart.be\/index.php?rest_route=\/wp\/v2\/posts\/161633117\/revisions"}],"predecessor-version":[{"id":176277329,"href":"https:\/\/fermebiodupetitsart.be\/index.php?rest_route=\/wp\/v2\/posts\/161633117\/revisions\/176277329"}],"wp:attachment":[{"href":"https:\/\/fermebiodupetitsart.be\/index.php?rest_route=%2Fwp%2Fv2%2Fmedia&parent=161633117"}],"wp:term":[{"taxonomy":"category","embeddable":true,"href":"https:\/\/fermebiodupetitsart.be\/index.php?rest_route=%2Fwp%2Fv2%2Fcategories&post=161633117"},{"taxonomy":"post_tag","embeddable":true,"href":"https:\/\/fermebiodupetitsart.be\/index.php?rest_route=%2Fwp%2Fv2%2Ftags&post=161633117"}],"curies":[{"name":"wp","href":"https:\/\/api.w.org\/{rel}","templated":true}]}}