{"id":161576633,"date":"2012-09-17T14:01:00","date_gmt":"2012-09-17T12:01:00","guid":{"rendered":"http:\/\/fermebiodupetitsart.posterous.com\/le-chevalier-julos-beaucarne-chanteur-et-velo"},"modified":"2015-01-10T09:27:01","modified_gmt":"2015-01-10T08:27:01","slug":"le-chevalier-julos-beaucarne-chanteur-et-velo","status":"publish","type":"post","link":"https:\/\/fermebiodupetitsart.be\/?p=161576633","title":{"rendered":"Le Chevalier Julos BEAUCARNE, chanteur et v\u00e9lorutionnaire chez ses amis des la ferme bio du Petit Sart"},"content":{"rendered":"<div>\n<blockquote>\n<div>\n<div><span style=\"color:#000000;font-size:large;\">Avant de traverser l&rsquo;Atlantique pour donner sept concerts au Qu\u00e9bec, (et en ouverture de cette semaine de la Mobilit\u00e9),<\/span><\/div>\n<\/div>\n<\/blockquote>\n<blockquote>\n<div>\n<div><span style=\"color:#000000;font-size:large;\">le v\u00e9lorutionnaire et chanteur Julos BEAUCARNE s&rsquo;est rendu ce samedi 15 septembre \u00e0 la Ferme bio du Petit Sart.<\/span><\/div>\n<div><span style=\"color:#000000;font-size:large;\">Il a \u00e9t\u00e9 accueilli notamment par Hubert del MARMOL et l&rsquo;acad\u00e9micien Jean-Pascal van YPERSELE (Professeur \u00e0 l&rsquo;UCL, vice-pr\u00e9sident du GIEC et<\/span><\/div>\n<\/div>\n<\/blockquote>\n<blockquote>\n<div>\n<div><span style=\"color:#000000;font-size:large;\">(rappelons-le en ce week-end des f\u00eates de Wallonie), promu par le Gouvernement Wallon en 2011 \u00e0 la dignit\u00e9 de Commandeur du M\u00e9rite Wallon.<\/span><\/div>\n<\/div>\n<\/blockquote>\n<blockquote>\n<div>\n<div><span style=\"color:#000000;font-size:large;\">Assur\u00e9ment un d\u00eener-retrouvailles d&rsquo;exception, qui par la densit\u00e9 des \u00e9changes restera grav\u00e9 dans les m\u00e9moires des convives et amis de la ferme de la ferme bio. Nous faisons n\u00f4tre <\/span><\/div>\n<\/div>\n<\/blockquote>\n<blockquote>\n<div>\n<div><span style=\"color:#000000;font-size:large;\">le message et redonnons Vie au message de Pauline JULIEN : \u00ab\u00a0Tr\u00e8s cher Capitaine Julos de mes amours, ta parole est si belle que tu adoucis le rythme infernal de cette plan\u00e8te. <\/span><\/div>\n<\/div>\n<\/blockquote>\n<blockquote>\n<div>\n<div><span style=\"color:#000000;font-size:large;\">Continue. On a besoin de toi.\u00a0\u00bb<\/span><\/div>\n<\/div>\n<\/blockquote>\n<blockquote>\n<div>\n<div class=\"p_embed p_image_embed\"><a href=\"http:\/\/fermebiodupetitsart.be\/wp-content\/uploads\/2013\/04\/p1060532-jpeg-scaled-1000.jpg\"><img loading=\"lazy\" decoding=\"async\" alt=\"P1060532\" src=\"http:\/\/fermebiodupetitsart.be\/wp-content\/uploads\/2013\/04\/p1060532-jpeg-scaled-1000.jpg?w=300\" width=\"500\" height=\"384\" \/><\/a><\/div>\n<\/div>\n<\/blockquote>\n<p>&nbsp;<\/p>\n<div><span style=\"font-size:large;\">L&rsquo;artiste et po\u00e8te qu\u00e9becois Raoul DUGUAY, a remarquablement bien cern\u00e9 la personnalit\u00e9 de notre ami de notre Ferme bio mais surtout troubadour, \u00e9crivain, com\u00e9dien et sculpteur :<\/span><\/div>\n<div><span style=\"font-size:x-large;\">\u00ab\u00a0Julos, une \u00e2me d&rsquo;enfant dans un corps d&rsquo;Homme capable de soulever le monde en l&rsquo;\u00e9merveillant.<\/span><\/div>\n<div><span style=\"font-size:large;\">Julos un po\u00e8te lucide, \u00e0 l&rsquo;\u00e9coute de ce monde. Julos, c&rsquo;est l&rsquo;\u00e9cologie de l&rsquo;oreille et la vision d&rsquo;un monde meilleur : le champ de \u00a0tous les possibles.\u00a0\u00bb<\/span><\/div>\n<blockquote>\n<div>\n<div class=\"p_embed p_image_embed\"><a href=\"http:\/\/fermebiodupetitsart.be\/wp-content\/uploads\/2013\/04\/p1060542-jpeg-scaled-1000.jpg\"><img loading=\"lazy\" decoding=\"async\" alt=\"P1060542\" src=\"http:\/\/fermebiodupetitsart.be\/wp-content\/uploads\/2013\/04\/p1060542-jpeg-scaled-1000.jpg?w=300\" width=\"500\" height=\"375\" \/><\/a><\/div>\n<\/div>\n<\/blockquote>\n<\/div>\n<div><span style=\"font-size:large;\">Sur cette photo Julos BEAUCARNE pr\u00e9sente \u00e0 son h\u00f4te d&rsquo;un jour, Hubert del MARMOL son 49\u00e8me CD (!) \u00ab\u00a0Le Balbuzard Fluviatile\u00a0\u00bb. Pour 20 euros seulement, on peut\u00a0<\/span><\/div>\n<div><span style=\"font-size:large;\">commander via son site <a href=\"http:\/\/julos.be\">julos.be<\/a> (<a href=\"http:\/\/julosland.skynetblogs.be\/\">http:\/\/julosland.skynetblogs.be\/<\/a>) ou aupr\u00e8s de Claude Duch\u00e2teau (<a href=\"mailto:clduchateau@swing.be\">clduchateau@swing.be<\/a>) ou en appelant Claude au \u00a0010\/41.73.74<\/span><\/div>\n<div><span style=\"font-size:large;\">Un beau cadeau \u00e0 s&rsquo;offrir ou \u00e0 offrir&#8230;.;-)<\/span><\/div>\n","protected":false},"excerpt":{"rendered":"<p>Avant de traverser l&rsquo;Atlantique pour donner sept concerts au Qu\u00e9bec, (et en ouverture de cette semaine de la Mobilit\u00e9), le v\u00e9lorutionnaire et chanteur Julos BEAUCARNE s&rsquo;est rendu ce samedi 15 septembre   la Ferme bio du Petit Sart. Il a \u00e9t\u00e9 &#8230; <a href=\"https:\/\/fermebiodupetitsart.be\/?p=161576633\">Continuer la lecture <span class=\"meta-nav\">&rarr;<\/span><\/a><\/p>\n","protected":false},"author":1,"featured_media":0,"comment_status":"closed","ping_status":"closed","sticky":false,"template":"","format":"standard","meta":{"footnotes":""},"categories":[2],"tags":[],"class_list":["post-161576633","post","type-post","status-publish","format-standard","hentry","category-chez-nous"],"_links":{"self":[{"href":"https:\/\/fermebiodupetitsart.be\/index.php?rest_route=\/wp\/v2\/posts\/161576633","targetHints":{"allow":["GET"]}}],"collection":[{"href":"https:\/\/fermebiodupetitsart.be\/index.php?rest_route=\/wp\/v2\/posts"}],"about":[{"href":"https:\/\/fermebiodupetitsart.be\/index.php?rest_route=\/wp\/v2\/types\/post"}],"author":[{"embeddable":true,"href":"https:\/\/fermebiodupetitsart.be\/index.php?rest_route=\/wp\/v2\/users\/1"}],"replies":[{"embeddable":true,"href":"https:\/\/fermebiodupetitsart.be\/index.php?rest_route=%2Fwp%2Fv2%2Fcomments&post=161576633"}],"version-history":[{"count":1,"href":"https:\/\/fermebiodupetitsart.be\/index.php?rest_route=\/wp\/v2\/posts\/161576633\/revisions"}],"predecessor-version":[{"id":176277330,"href":"https:\/\/fermebiodupetitsart.be\/index.php?rest_route=\/wp\/v2\/posts\/161576633\/revisions\/176277330"}],"wp:attachment":[{"href":"https:\/\/fermebiodupetitsart.be\/index.php?rest_route=%2Fwp%2Fv2%2Fmedia&parent=161576633"}],"wp:term":[{"taxonomy":"category","embeddable":true,"href":"https:\/\/fermebiodupetitsart.be\/index.php?rest_route=%2Fwp%2Fv2%2Fcategories&post=161576633"},{"taxonomy":"post_tag","embeddable":true,"href":"https:\/\/fermebiodupetitsart.be\/index.php?rest_route=%2Fwp%2Fv2%2Ftags&post=161576633"}],"curies":[{"name":"wp","href":"https:\/\/api.w.org\/{rel}","templated":true}]}}