{"id":158994190,"date":"2012-09-04T22:08:56","date_gmt":"2012-09-04T22:08:56","guid":{"rendered":"http:\/\/fermebiodupetitsart.posterous.com\/sans-commentaire-ou-le-devoir-dindignation-pl"},"modified":"2015-01-10T09:27:01","modified_gmt":"2015-01-10T08:27:01","slug":"sans-commentaire-ou-le-devoir-dindignation-pl","status":"publish","type":"post","link":"https:\/\/fermebiodupetitsart.be\/?p=158994190","title":{"rendered":"Sans commentaire ou&#8230; le devoir d&rsquo;indignation (\u00ab\u00a0Plus\u00a0\u00bb&#8230; de communication) !"},"content":{"rendered":"<p><div class='p_embed p_image_embed'><a href=\"http:\/\/fermebiodupetitsart.be\/wp-content\/uploads\/2013\/04\/p1010850-jpeg-scaled-1000.jpg\"><img loading=\"lazy\" decoding=\"async\" alt=\"P1010850\" height=\"375\" src=\"http:\/\/fermebiodupetitsart.be\/wp-content\/uploads\/2013\/04\/p1010850-jpeg-scaled-1000.jpg?w=300\" width=\"500\" \/><\/a><\/div>\n<\/p>\n<div>Plateau du Petit-Sart : photo prise ce jeudi 23 ao\u00fbt 2012<span> \u00e0 9 h 52 <\/span>: en haut, terre de culture&#8230; exploit\u00e9e par Dominique DUMONT de CHASSART (propri\u00e9taire de la Ferme de la Sarte (H\u00e8ze)<\/p>\n<div>(foto CD\/On Line Reporters)<\/div>\n<p \/><\/div>\n<p><div class='p_embed p_image_embed'><a href=\"http:\/\/fermebiodupetitsart.be\/wp-content\/uploads\/2013\/04\/p1010875-jpeg-scaled-1000.jpg\"><img loading=\"lazy\" decoding=\"async\" alt=\"P1010875\" height=\"375\" src=\"http:\/\/fermebiodupetitsart.be\/wp-content\/uploads\/2013\/04\/p1010875-jpeg-scaled-1000.jpg?w=300\" width=\"500\" \/><\/a><\/div>\n<\/p>\n<div>\n<p \/>\n<p \/>\n<div>Plateau du Petit-Sart : photo prise ce m\u00eame jeudi 23 ao\u00fbt 2012 <span>\u00e0 12 h 22 <\/span>: au centre, zone citoyenne de mara\u00eechage de l\u00e9gumes biologiques (propri\u00e9taire Hubert del Marmol de la Ferme Bio du Petit-Sart)<\/div>\n<\/div>\n<div>(foto CD\/On Line Reporters)<\/div>\n<p \/>\n<p \/>\n<p><div class='p_embed p_image_embed'><a href=\"http:\/\/fermebiodupetitsart.be\/wp-content\/uploads\/2013\/04\/p1060296-jpeg-scaled-1000.jpg\"><img loading=\"lazy\" decoding=\"async\" alt=\"P1060296\" height=\"418\" src=\"http:\/\/fermebiodupetitsart.be\/wp-content\/uploads\/2013\/04\/p1060296-jpeg-scaled-1000.jpg?w=300\" width=\"500\" \/><\/a><\/div>\n<\/p>\n<p \/>\n<p \/>\n<div>Comme en \u00e9cho ? &nbsp; \u00ab\u00a0C&rsquo;est ma vie\u00a0\u00bb Portrait d&rsquo;Hubert del Marmol rep\u00e9r\u00e9 &nbsp;dans le dernier \u00ab\u00a0Plus Magazine\u00a0\u00bb (septembre 2012)<\/div>\n","protected":false},"excerpt":{"rendered":"<p>Comme en \u00e9cho ? \u00ab\u00a0C&rsquo;est ma vie\u00a0\u00bb Portrait d&rsquo;Hubert del Marmol rep\u00e9r\u00e9 dans le dernier \u00ab\u00a0Plus Magazine\u00a0\u00bb (septembre 2012) <a href=\"https:\/\/fermebiodupetitsart.be\/?p=158994190\">Continuer la lecture <span class=\"meta-nav\">&rarr;<\/span><\/a><\/p>\n","protected":false},"author":1,"featured_media":0,"comment_status":"closed","ping_status":"closed","sticky":false,"template":"","format":"standard","meta":{"footnotes":""},"categories":[6],"tags":[],"class_list":["post-158994190","post","type-post","status-publish","format-standard","hentry","category-uncategorized"],"_links":{"self":[{"href":"https:\/\/fermebiodupetitsart.be\/index.php?rest_route=\/wp\/v2\/posts\/158994190","targetHints":{"allow":["GET"]}}],"collection":[{"href":"https:\/\/fermebiodupetitsart.be\/index.php?rest_route=\/wp\/v2\/posts"}],"about":[{"href":"https:\/\/fermebiodupetitsart.be\/index.php?rest_route=\/wp\/v2\/types\/post"}],"author":[{"embeddable":true,"href":"https:\/\/fermebiodupetitsart.be\/index.php?rest_route=\/wp\/v2\/users\/1"}],"replies":[{"embeddable":true,"href":"https:\/\/fermebiodupetitsart.be\/index.php?rest_route=%2Fwp%2Fv2%2Fcomments&post=158994190"}],"version-history":[{"count":1,"href":"https:\/\/fermebiodupetitsart.be\/index.php?rest_route=\/wp\/v2\/posts\/158994190\/revisions"}],"predecessor-version":[{"id":176277333,"href":"https:\/\/fermebiodupetitsart.be\/index.php?rest_route=\/wp\/v2\/posts\/158994190\/revisions\/176277333"}],"wp:attachment":[{"href":"https:\/\/fermebiodupetitsart.be\/index.php?rest_route=%2Fwp%2Fv2%2Fmedia&parent=158994190"}],"wp:term":[{"taxonomy":"category","embeddable":true,"href":"https:\/\/fermebiodupetitsart.be\/index.php?rest_route=%2Fwp%2Fv2%2Fcategories&post=158994190"},{"taxonomy":"post_tag","embeddable":true,"href":"https:\/\/fermebiodupetitsart.be\/index.php?rest_route=%2Fwp%2Fv2%2Ftags&post=158994190"}],"curies":[{"name":"wp","href":"https:\/\/api.w.org\/{rel}","templated":true}]}}