{"id":156456146,"date":"2012-08-24T09:22:08","date_gmt":"2012-08-24T09:22:08","guid":{"rendered":"http:\/\/fermebiodupetitsart.posterous.com\/bien-malgre-lui-leleveur-bio-hubert-del-marmo"},"modified":"2015-01-10T09:27:01","modified_gmt":"2015-01-10T08:27:01","slug":"bien-malgre-lui-leleveur-bio-hubert-del-marmo","status":"publish","type":"post","link":"https:\/\/fermebiodupetitsart.be\/?p=156456146","title":{"rendered":"Bien malgr\u00e9 lui&#8230; l&rsquo;\u00e9leveur bio, Hubert del Marmol t\u00e9moigne sur les antennes de TVCom"},"content":{"rendered":"<div>\n<table class=\"contentpaneopen\">\n<tr>\n<td class=\"contentheading\" width=\"100%\"><span style=\"font-size:36px;\"><a href=\"http:\/\/www.tvcom.be\/index.php\/info\/news\/9064-grez-doiceau-la-saga-de-la-ferme-bio\" class=\"contentpagetitle\">Grez-Doiceau : La saga de la ferme bio continue&#8230;!<\/a>&nbsp;&nbsp; &nbsp; &nbsp;<\/span><\/td>\n<\/tr>\n<\/table>\n<p><\/div>\n<p \/>\n<div> <\/p>\n<table class=\"contentpaneopen\">\n<tr>\n<td valign=\"top\">\n<p><a href=\"http:\/\/www.tvcom.be\/index.php\/info\/news\/9064\" title=\"\"><img loading=\"lazy\" decoding=\"async\" title=\"\" src=\"http:\/\/www.tvcom.be\/images\/stories\/AB2012\/AOUT\/ab120821_ferme-bio-grez-tit.png\" border=\"0\" align=\"left\" height=\"120\" alt=\"\" width=\"142\" style=\"margin-right:10px;\" \/><\/a> <strong>Mardi 21 ao\u00fbt 2012 &#8211; diffusion<\/strong><\/p>\n<p>INCROYABLE mais h\u00e9las vrai !&nbsp;<\/p>\n<p>Un troisi\u00e8me recours en annulation a \u00e9t\u00e9 introduit devant le Conseil d&rsquo;Etat concernant le permis octroy\u00e9 \u00e0 la ferme bio du petit Sart \u00e0 Grez-Doiceau.<\/p>\n<p>Toujours \u00e0 l&rsquo;instigation de son cousin de H\u00e8ze &#8211; &nbsp;Dominique Dumont de Chassart &#8211; quelques opposants ont profit\u00e9 d&rsquo;une erreur administrative de la part de la commune d&rsquo;Alain Clabots pour intenter leur troisi\u00e8me action en justice.&nbsp;<\/p>\n<p>L&rsquo;agrobiologiste et &nbsp;propri\u00e9taire de la ferme, Hubert del Marmol pourrait r\u00e9clamer des d\u00e9dommagements au Coll\u00e8ge des Bourgmestre et Echevins sortant.&nbsp;<\/p>\n<p>Un Reportage \u00e0 voir ici de Nicolas Gilson et de Dominique Tournay.<\/p>\n<\/td>\n<\/tr>\n<\/table>\n<\/div>\n<p \/>cliquez ici sur ce lien pour voir la s\u00e9quence de trois minutes diffus\u00e9es par le Journal T\u00e9l\u00e9vis\u00e9 :&nbsp;<\/p>\n<div><a href=\"http:\/\/www.tvcom.be\/index.php\/info\/news\/9064\">http:\/\/www.tvcom.be\/index.php\/info\/news\/9064<\/a><\/div>\n<p \/>\n<p><div class='p_embed p_image_embed'><img loading=\"lazy\" decoding=\"async\" alt=\"P1070321\" height=\"640\" src=\"http:\/\/fermebiodupetitsart.be\/wp-content\/uploads\/2013\/04\/p1070321.jpeg\" width=\"462\" \/><\/div><\/p>\n","protected":false},"excerpt":{"rendered":"<p>Grez-Doiceau : La saga de la ferme bio continue&#8230;! Mardi 21 ao\u00fbt 2012 &#8211; diffusionINCROYABLE mais h\u00e9las vrai ! Un troisi\u00e8me recours en annulation a \u00e9t\u00e9 introduit devant le Conseil d&rsquo;Etat concernant le permis octroy\u00e9   la ferme bio du petit &#8230; <a href=\"https:\/\/fermebiodupetitsart.be\/?p=156456146\">Continuer la lecture <span class=\"meta-nav\">&rarr;<\/span><\/a><\/p>\n","protected":false},"author":1,"featured_media":0,"comment_status":"closed","ping_status":"closed","sticky":false,"template":"","format":"standard","meta":{"footnotes":""},"categories":[6],"tags":[],"class_list":["post-156456146","post","type-post","status-publish","format-standard","hentry","category-uncategorized"],"_links":{"self":[{"href":"https:\/\/fermebiodupetitsart.be\/index.php?rest_route=\/wp\/v2\/posts\/156456146","targetHints":{"allow":["GET"]}}],"collection":[{"href":"https:\/\/fermebiodupetitsart.be\/index.php?rest_route=\/wp\/v2\/posts"}],"about":[{"href":"https:\/\/fermebiodupetitsart.be\/index.php?rest_route=\/wp\/v2\/types\/post"}],"author":[{"embeddable":true,"href":"https:\/\/fermebiodupetitsart.be\/index.php?rest_route=\/wp\/v2\/users\/1"}],"replies":[{"embeddable":true,"href":"https:\/\/fermebiodupetitsart.be\/index.php?rest_route=%2Fwp%2Fv2%2Fcomments&post=156456146"}],"version-history":[{"count":1,"href":"https:\/\/fermebiodupetitsart.be\/index.php?rest_route=\/wp\/v2\/posts\/156456146\/revisions"}],"predecessor-version":[{"id":176277335,"href":"https:\/\/fermebiodupetitsart.be\/index.php?rest_route=\/wp\/v2\/posts\/156456146\/revisions\/176277335"}],"wp:attachment":[{"href":"https:\/\/fermebiodupetitsart.be\/index.php?rest_route=%2Fwp%2Fv2%2Fmedia&parent=156456146"}],"wp:term":[{"taxonomy":"category","embeddable":true,"href":"https:\/\/fermebiodupetitsart.be\/index.php?rest_route=%2Fwp%2Fv2%2Fcategories&post=156456146"},{"taxonomy":"post_tag","embeddable":true,"href":"https:\/\/fermebiodupetitsart.be\/index.php?rest_route=%2Fwp%2Fv2%2Ftags&post=156456146"}],"curies":[{"name":"wp","href":"https:\/\/api.w.org\/{rel}","templated":true}]}}