{"id":156165968,"date":"2012-08-23T07:37:45","date_gmt":"2012-08-23T07:37:45","guid":{"rendered":"http:\/\/fermebiodupetitsart.posterous.com\/merci-et-a-dieu-andre"},"modified":"2015-01-10T09:27:01","modified_gmt":"2015-01-10T08:27:01","slug":"merci-et-a-dieu-andre","status":"publish","type":"post","link":"https:\/\/fermebiodupetitsart.be\/?p=156165968","title":{"rendered":"Merci et A Dieu Andr\u00e9 !"},"content":{"rendered":"<div>Toute l&rsquo;\u00e9quipe des Etablissements &nbsp;Bombaerts, &#8211; sp\u00e9cialis\u00e9e en travaux agricoles &#8211; &nbsp;est atterr\u00e9e. &nbsp;<\/div>\n<div>Leur fr\u00e8re, coll\u00e8gue et ami, Andr\u00e9 Bombaerts vient de d\u00e9c\u00e9der \u00e0 55 ans d&rsquo;une rupture d&rsquo;an\u00e9vrisme.<\/div>\n<p \/>\n<div>Vendredi dernier, sur une de nos terres bio devant la ferme du petit sart, Andr\u00e9 pilotait encore la moissonneuse batteuse pour y r\u00e9colter de l&rsquo;\u00e9peautre.<\/div>\n<div>Nous garderons de lui, grav\u00e9 dans notre m\u00e9moire et dans nos coeurs, son efficacit\u00e9, son professionnalisme et son amour exemplaire pour la terre.<\/div>\n<div>Ses fun\u00e9railles seront c\u00e9l\u00e9br\u00e9es ce samedi 25 ao\u00fbt \u00e0 11h30 en l&rsquo;Eglise de la Chapelle St Laurent (\u00e0 Pi\u00e9trebais)<\/div>\n<p \/>\n<p \/>\n<p><div class='p_embed p_image_embed'><a href=\"http:\/\/fermebiodupetitsart.be\/wp-content\/uploads\/2013\/04\/p1130821-jpeg-scaled-1000.jpg\"><img loading=\"lazy\" decoding=\"async\" alt=\"P1130821\" height=\"375\" src=\"http:\/\/fermebiodupetitsart.be\/wp-content\/uploads\/2013\/04\/p1130821-jpeg-scaled-1000.jpg?w=300\" width=\"500\" \/><\/a><\/div>\n<\/p>\n<p \/>\n<p \/>\n<div>Andr\u00e9 (portant sa veste verte) second\u00e9 ici par deux de ses fr\u00e8res, Alain et Dominique.<\/div>\n<p \/>\n<p \/>\n<p><div class='p_embed p_image_embed'><a href=\"http:\/\/fermebiodupetitsart.be\/wp-content\/uploads\/2013\/04\/p1010789-jpeg-scaled-1000.jpg\"><img loading=\"lazy\" decoding=\"async\" alt=\"P1010789\" height=\"375\" src=\"http:\/\/fermebiodupetitsart.be\/wp-content\/uploads\/2013\/04\/p1010789-jpeg-scaled-1000.jpg?w=300\" width=\"500\" \/><\/a><\/div><\/p>\n","protected":false},"excerpt":{"rendered":"<p>Toute l&rsquo;\u00e9quipe des Etablissements Bombaerts, &#8211; sp\u00e9cialis\u00e9e en travaux agricoles &#8211; est atterr\u00e9e. Leur fr\u00e8re, coll\u00e8gue et ami, Andr\u00e9 Bombaerts vient de d\u00e9c\u00e9der   55 ans d&rsquo;une rupture d&rsquo;an\u00e9vrisme.Vendredi dernier, sur une de nos terres bio&#8230; <a href=\"https:\/\/fermebiodupetitsart.be\/?p=156165968\">Continuer la lecture <span class=\"meta-nav\">&rarr;<\/span><\/a><\/p>\n","protected":false},"author":1,"featured_media":0,"comment_status":"closed","ping_status":"closed","sticky":false,"template":"","format":"standard","meta":{"footnotes":""},"categories":[6],"tags":[],"class_list":["post-156165968","post","type-post","status-publish","format-standard","hentry","category-uncategorized"],"_links":{"self":[{"href":"https:\/\/fermebiodupetitsart.be\/index.php?rest_route=\/wp\/v2\/posts\/156165968","targetHints":{"allow":["GET"]}}],"collection":[{"href":"https:\/\/fermebiodupetitsart.be\/index.php?rest_route=\/wp\/v2\/posts"}],"about":[{"href":"https:\/\/fermebiodupetitsart.be\/index.php?rest_route=\/wp\/v2\/types\/post"}],"author":[{"embeddable":true,"href":"https:\/\/fermebiodupetitsart.be\/index.php?rest_route=\/wp\/v2\/users\/1"}],"replies":[{"embeddable":true,"href":"https:\/\/fermebiodupetitsart.be\/index.php?rest_route=%2Fwp%2Fv2%2Fcomments&post=156165968"}],"version-history":[{"count":1,"href":"https:\/\/fermebiodupetitsart.be\/index.php?rest_route=\/wp\/v2\/posts\/156165968\/revisions"}],"predecessor-version":[{"id":176277336,"href":"https:\/\/fermebiodupetitsart.be\/index.php?rest_route=\/wp\/v2\/posts\/156165968\/revisions\/176277336"}],"wp:attachment":[{"href":"https:\/\/fermebiodupetitsart.be\/index.php?rest_route=%2Fwp%2Fv2%2Fmedia&parent=156165968"}],"wp:term":[{"taxonomy":"category","embeddable":true,"href":"https:\/\/fermebiodupetitsart.be\/index.php?rest_route=%2Fwp%2Fv2%2Fcategories&post=156165968"},{"taxonomy":"post_tag","embeddable":true,"href":"https:\/\/fermebiodupetitsart.be\/index.php?rest_route=%2Fwp%2Fv2%2Ftags&post=156165968"}],"curies":[{"name":"wp","href":"https:\/\/api.w.org\/{rel}","templated":true}]}}