{"id":153410365,"date":"2012-08-14T09:51:59","date_gmt":"2012-08-14T09:51:59","guid":{"rendered":"http:\/\/fermebiodupetitsart.posterous.com\/invitation-visite-guidee-chez-semailles-comme"},"modified":"2015-01-10T09:27:01","modified_gmt":"2015-01-10T08:27:01","slug":"invitation-visite-guidee-chez-semailles-comme","status":"publish","type":"post","link":"https:\/\/fermebiodupetitsart.be\/?p=153410365","title":{"rendered":"Invitation visite guid\u00e9e chez Semailles : Comment cultiver et r\u00e9colter ses semences ?"},"content":{"rendered":"<blockquote>\n<div>\n<div style=\"font-family:arial, helvetica, sans-serif;\">\n<div style=\"font-family:arial, helvetica, sans-serif;\">\n<div style=\"font-family:times new roman, new york, times, serif;\">\n<div>\n<div>\n<div style=\"font-size:12pt;\"><b>Nous vous convions aussi ce samedi 18 ao\u00fbt \u00e0 Faulx-les-Tombes :<br \/>Comment cultiver et r\u00e9colter ses semences.<br \/><\/b><\/div>\n<\/div>\n<\/div>\n<\/div>\n<\/div>\n<\/div>\n<\/div>\n<\/blockquote>\n<p><\/p>\n<blockquote>\n<div>\n<div style=\"font-family:arial, helvetica, sans-serif;\">\n<div style=\"font-family:arial, helvetica, sans-serif;\">\n<div style=\"font-family:times new roman, new york, times, serif;\">\n<div>\n<div>\n<div style=\"font-size:12pt;\"><b>Visite guid\u00e9e assur\u00e9e par Catherine Andrianne ( Ets Semailles)<br \/>rue du Sabotier 16B, 5340 Faulx-les-Tombes<\/b><\/div>\n<div style=\"font-size:12pt;\"><b><br \/>Au programme:<br \/>\uf020 visite des jardins conservatoires,<br \/>\uf020 expos\u00e9s sur la semence,<br \/>\uf020 animations,<br \/>\uf020 d\u00e9gustation, bar.<br \/>\uf020 petit march\u00e9 de la biodiversit\u00e9 avec la pr\u00e9sence de diff\u00e9rents<br \/>exposants et de la librairie Nature &amp; Progr\u00e8s.<br \/>Rendez-vous \u00e0 9h30 sur place.<br \/><\/b><\/div>\n<\/div>\n<\/div>\n<\/div>\n<\/div>\n<\/div>\n<\/div>\n<\/blockquote>\n<p><\/p>\n<blockquote>\n<div>\n<div style=\"font-family:arial, helvetica, sans-serif;\">\n<div style=\"font-family:arial, helvetica, sans-serif;\">\n<div style=\"font-family:times new roman, new york, times, serif;\">\n<div>\n<div>\n<div style=\"font-size:12pt;\"><b>Covoiturage possible au d\u00e9part du Parking de Decathlon Wavre. Inscription<\/b><b>&nbsp;(Nature &amp; Progr\u00e8s Brabant-Est)&nbsp;<\/b><b>chez Jacques Gr\u00e9visse 010.22.70.31 ou&nbsp;<\/b><\/div>\n<\/div>\n<\/div>\n<\/div>\n<\/div>\n<\/div>\n<\/div>\n<\/blockquote>\n<blockquote>\n<div>\n<div style=\"font-family:arial, helvetica, sans-serif;\">\n<div style=\"font-family:arial, helvetica, sans-serif;\">\n<div style=\"font-family:times new roman, new york, times, serif;\">\n<div>\n<div>\n<div style=\"font-size:12pt;\"><b>Carl Vandoorne 0477.52.81.39<\/b><\/div>\n<p \/>\n<div style=\"font-size:12pt;\">Un enjeu suppl\u00e9mentaire pour cette visite guid\u00e9e organis\u00e9e sp\u00e9cialement \u00e0 l&rsquo;ouverture de la \u00ab\u00a0Porte Ouverte de Semailles\u00a0\u00bb : N<span class=\"yiv770395179Apple-style-span\" style=\"font-family:Arial;\">os potagers et nos assiettes sont menac\u00e9s : Aux semences, citoyens&nbsp;!<\/span><\/div>\n<div class=\"yiv770395179MsoNormal\" style=\"font-size:12pt;\"><span class=\"yiv770395179Apple-style-span\" style=\"font-family:Arial;font-size:large;\">Mauvaise nouvelle ! Dans son arr\u00eat du 12 juillet, la Cour de Justice de l\u2019Union Europ\u00e9enne confirme que la commercialisation de semences de vari\u00e9t\u00e9s traditionnelles et diversifi\u00e9es est ill\u00e9gale si celles-ci ne sont pas inscrites au catalogue officiel.<\/span><\/div>\n<div class=\"yiv770395179MsoNormal\" style=\"font-size:12pt;\"><span style=\"font-family:Arial;\">L\u2019association&nbsp;<i>Kokopelli<\/i>, qui vend de telles semences dans un but de pr\u00e9servation de la biodiversit\u00e9, se retrouve donc dans l\u2019ill\u00e9galit\u00e9, de m\u00eame que toute autre association ou acteur commercial qui souhaiterait vendre ou simplement diffuser des semences autres que des hybrides F1 ou des vari\u00e9t\u00e9s fix\u00e9es extr\u00eamement homog\u00e8nes.<\/span><\/div>\n<div class=\"yiv770395179MsoNormal\" style=\"font-size:12pt;\"><span style=\"font-family:Arial;\">Pourquoi&nbsp;?<\/span><\/div>\n<div class=\"yiv770395179MsoNormal\" style=\"font-size:12pt;\"><span class=\"yiv770395179Apple-style-span\" style=\"font-family:Arial;font-size:large;\">En th\u00e9orie, il est possible d\u2019inscrire au catalogue, et donc de commercialiser, n\u2019importe quelle vari\u00e9t\u00e9 pour autant qu\u2019elle r\u00e9ponde aux crit\u00e8res de Distinction, Homog\u00e9n\u00e9it\u00e9, Stabilit\u00e9 (DHS). Dans la pratique, ces crit\u00e8res sont discriminants, puisqu\u2019ils impliquent que les semences soient\u2026 tr\u00e8s peu vari\u00e9es. Seules des vari\u00e9t\u00e9s hybrides F1 ou des vari\u00e9t\u00e9s lign\u00e9es, quasi cloniques, r\u00e9pondent \u00e0 ces crit\u00e8res, qui ont \u00e9t\u00e9 \u00e9tablis dans le seul but d\u2019augmenter la productivit\u00e9 selon des pratiques industrielles. Ces derni\u00e8res ann\u00e9es, les crit\u00e8res avaient \u00e9t\u00e9 assouplis pour les vari\u00e9t\u00e9s dites de conservation. (1)<\/span><\/div>\n<div class=\"yiv770395179MsoNormal\" style=\"font-size:12pt;\"><span style=\"font-family:Arial;\">La Cour de Justice de l\u2019UE estime que ces am\u00e9nagements sont suffisants pour assurer la pr\u00e9servation de la biodiversit\u00e9 et la conservation de vari\u00e9t\u00e9s anciennes. Dans les faits, ils sont totalement inaptes \u00e0 favoriser la biodiversit\u00e9 cultiv\u00e9e car ils s\u2019\u00e9cartent tr\u00e8s peu des normes industrielles.<\/span><\/div>\n<p \/>\n<div class=\"yiv770395179MsoNormal\" style=\"font-size:12pt;\"><span style=\"font-family:Arial;\">Pour les Amis de la Ferme bio du PetitSart, pour&nbsp;<i>Nature &amp; Progr\u00e8s<\/i>&nbsp;et les d\u00e9fenseurs des semences paysannes, cette d\u00e9cision est un contresens historique grave qui s\u2019apparente \u00e0 un d\u00e9ni de la s\u00e9lection v\u00e9g\u00e9tale r\u00e9alis\u00e9e par l\u2019\u00eatre humain depuis 10.000 ans.<\/span><\/div>\n<p \/>\n<div class=\"yiv770395179MsoNormal\" style=\"font-size:12pt;\"><span style=\"font-family:Arial;\">L\u2019avenir de nos agricultures, de nos potagers et de nos assiettes est menac\u00e9 (bloquez d\u00e9j\u00e0 dans votre agenda la grande soir\u00e9e que nous organiserons ce mercredi 14 novembre d\u00e8s 19 heures autour d&rsquo;Isabelle Saporta \u00e0 Louvain-La-Neuve).&nbsp;<\/span><\/div>\n<div class=\"yiv770395179MsoNormal\" style=\"font-size:12pt;\"><span style=\"font-family:Arial;\"><i>Nature &amp; Progr\u00e8s<\/i>, qui a fait des semences son th\u00e8me bisannuel, se pr\u00e9pare \u00e0 rassembler les citoyens et le monde associatif afin de r\u00e9agir avec vigueur \u00e0 cette d\u00e9cision inacceptable.<\/span><\/div>\n<p \/>\n<div class=\"yiv770395179MsoNormal\" style=\"font-size:12pt;\"><span style=\"font-family:Arial;\">Au vu de ce jugement, il reviendra donc aux seuls citoyens d\u2019\u00eatre acteur de la sauvegarde du patrimoine v\u00e9g\u00e9tal.&nbsp;<\/span><\/div>\n<div class=\"yiv770395179MsoNormal\" style=\"font-size:12pt;\"><span style=\"font-family:Arial;\">L&rsquo;heure est \u00e0 la d\u00e9sob\u00e9issance citoyenne pour le respect de notre sant\u00e9, nos saveurs, &nbsp;notre biodiversit\u00e9; le d\u00e9veloppement durable pour les g\u00e9n\u00e9rations futures !<\/span><\/div>\n<div class=\"yiv770395179MsoNormal\" style=\"font-size:12pt;\"><span style=\"font-family:Arial;\">Belle rentr\u00e9e \u00e0 tous.<\/span><\/div>\n<p \/>\n<p \/><\/div>\n<\/div>\n<\/div>\n<\/div>\n<\/div>\n<\/div>\n<\/blockquote>\n","protected":false},"excerpt":{"rendered":"<p>Nous vous convions aussi ce samedi 18 ao\u00fbt   Faulx-les-Tombes :Comment cultiver et r\u00e9colter ses semences.Visite guid\u00e9e assur\u00e9e par Catherine Andrianne ( Ets Semailles)rue du Sabotier 16B, 5340 Faulx-les-TombesAu programme:  visite des jardi&#8230; <a href=\"https:\/\/fermebiodupetitsart.be\/?p=153410365\">Continuer la lecture <span class=\"meta-nav\">&rarr;<\/span><\/a><\/p>\n","protected":false},"author":1,"featured_media":0,"comment_status":"closed","ping_status":"closed","sticky":false,"template":"","format":"standard","meta":{"footnotes":""},"categories":[6],"tags":[],"class_list":["post-153410365","post","type-post","status-publish","format-standard","hentry","category-uncategorized"],"_links":{"self":[{"href":"https:\/\/fermebiodupetitsart.be\/index.php?rest_route=\/wp\/v2\/posts\/153410365","targetHints":{"allow":["GET"]}}],"collection":[{"href":"https:\/\/fermebiodupetitsart.be\/index.php?rest_route=\/wp\/v2\/posts"}],"about":[{"href":"https:\/\/fermebiodupetitsart.be\/index.php?rest_route=\/wp\/v2\/types\/post"}],"author":[{"embeddable":true,"href":"https:\/\/fermebiodupetitsart.be\/index.php?rest_route=\/wp\/v2\/users\/1"}],"replies":[{"embeddable":true,"href":"https:\/\/fermebiodupetitsart.be\/index.php?rest_route=%2Fwp%2Fv2%2Fcomments&post=153410365"}],"version-history":[{"count":1,"href":"https:\/\/fermebiodupetitsart.be\/index.php?rest_route=\/wp\/v2\/posts\/153410365\/revisions"}],"predecessor-version":[{"id":176277342,"href":"https:\/\/fermebiodupetitsart.be\/index.php?rest_route=\/wp\/v2\/posts\/153410365\/revisions\/176277342"}],"wp:attachment":[{"href":"https:\/\/fermebiodupetitsart.be\/index.php?rest_route=%2Fwp%2Fv2%2Fmedia&parent=153410365"}],"wp:term":[{"taxonomy":"category","embeddable":true,"href":"https:\/\/fermebiodupetitsart.be\/index.php?rest_route=%2Fwp%2Fv2%2Fcategories&post=153410365"},{"taxonomy":"post_tag","embeddable":true,"href":"https:\/\/fermebiodupetitsart.be\/index.php?rest_route=%2Fwp%2Fv2%2Ftags&post=153410365"}],"curies":[{"name":"wp","href":"https:\/\/api.w.org\/{rel}","templated":true}]}}