{"id":150638504,"date":"2012-08-02T19:56:24","date_gmt":"2012-08-02T19:56:24","guid":{"rendered":"http:\/\/fermebiodupetitsart.posterous.com\/gwenael-du-bus-prime-comme-agriculteur-de-val"},"modified":"2015-01-10T09:27:01","modified_gmt":"2015-01-10T08:27:01","slug":"gwenael-du-bus-prime-comme-agriculteur-de-val","status":"publish","type":"post","link":"https:\/\/fermebiodupetitsart.be\/?p=150638504","title":{"rendered":"Gw\u00e9na\u00ebl du BUS prim\u00e9 comme \u201cAgriculteur de Valeurs\u201d !"},"content":{"rendered":"<div style=\"margin-top:0;margin-right:0;margin-left:0;font-family:Times New Roman, serif;\"><span style=\"font-size:21px;\"><b>B<\/b><\/span><span style=\"font-size:16px;\">onne Nouvelle.&nbsp; Gw\u00e9na\u00ebl du Bus de Warnaffe \u2013 un des 2 mara\u00eechers qui travaille, comme L\u00e9a Corroy \u2013 sur les terres de la ferme bio du Petit Sart de Grez-Doiceau, a \u00e9t\u00e9 honor\u00e9 vendredi dernier lors de la 78\u00e8me Foire agricole de Libramont. Au cours de cette foire furent d\u00e9cern\u00e9s les prix 2012 d\u2019<b><i>Agriculteurs de Valeurs<\/i><\/b>. Un concours qui \u2013 via une dotation de 3.000 euros offerte aux laur\u00e9ats &#8211; entend officiellement valoriser et reconna\u00eetre le travail exemplaire assum\u00e9 par une poign\u00e9e d\u2019agriculteurs aux niveaux \u00e9conomique, social et environnemental.<\/span><\/div>\n<p \/>\n<p \/>\n<div style=\"margin-top:0;margin-right:0;margin-left:0;font-size:12pt;font-family:Times New Roman, serif;\"><span>Pour les initiateurs de ce Prix, \u201c<i>la ferme est la premi\u00e8re entreprise de l\u2019humanit\u00e9 en ce sens qu\u2019elle repose sur la f\u00e9d\u00e9ration d\u2019\u00e9nergies pour produire de la nourriture. Vivre la ferme aujourd\u2019hui demande d\u2019assembler des savoirs pluriels, de tisser du lien entre des demandes parfois contradictoires, d\u2019inscrire dans une m\u00eame partition : qualit\u00e9, rentabilit\u00e9, respect des normes et adaptation au march\u00e9, tout en sauvegardant notre patrimoine naturel<\/i>\u201d.<\/span><\/div>\n<p \/>\n<div style=\"margin-top:0;margin-right:0;margin-left:0;font-size:12pt;font-family:Times New Roman, serif;\"><span>Dans son projet initial de ferme bio, Hubert del Marmol a toujours voulu contribuer \u00e0 la cr\u00e9ation de zones mara\u00eech\u00e8res et surtout d\u00e9velopper des emplois locaux.<\/span><\/div>\n<div style=\"margin-top:0;margin-right:0;margin-left:0;font-size:12pt;font-family:Times New Roman, serif;\"><span>Le laur\u00e9at braban\u00e7on, Gw\u00e9na\u00ebl du Bus, \u00e2g\u00e9 de 32 ans, b\u00e9n\u00e9ficie d\u2019une solide exp\u00e9rience. Apr\u00e8s avoir obtenu son dipl\u00f4me d\u2019ing\u00e9nieur agronome \u00e0 l\u2019Universit\u00e9 de Louvain-la-Neuve, il a confront\u00e9 son savoir accad\u00e9mique en travaillant pr\u00e8s de 2 ans en France (r\u00e9gion toulousaine) comme salari\u00e9 agricole, puis un an chez nous, \u00e0 la ferme bio de Jambjoule, puis comme charg\u00e9 de mission pour Nature &amp; Progr\u00e8s Belgique. D\u00e9sirant retourner au travail concret de la terre, Gw\u00e9na\u00ebl a lou\u00e9&nbsp; en 2011 environ 60 ares de bonnes terres \u00e0 la Ferme bio du Petit Sart&nbsp; pour y cultiver quatre-vingt l\u00e9gumes.&nbsp;<\/span><\/div>\n<p \/>\n<div style=\"border-color:initial;border-bottom-color:windowtext;border-bottom-width:1.5pt;border-style:none none solid;padding:0 0 1pt;\">\n<div style=\"margin-top:0;margin-right:0;margin-left:0;font-size:12pt;font-family:Times New Roman, serif;border-color:initial;border-style:none;padding:0;\"><span>Pour l\u2019heure, il a introduit aupr\u00e8s des autorit\u00e9s communales de Grez-Doiceau une demande de permis unique d\u2019urbanisme pour l\u2019\u00e9rection d\u2019un hangar et le placement de 10 serres-tunnels sur une terre de 3 hectares (Future \u201cFerme du Peuplier\u201d) qu\u2019il vient d\u2019acqu\u00e9rir \u00e0 Gottechain. Gageons que cette fois, le Bourgmestre et les Echevins percevront toute l\u2019importance de soutenir&nbsp; cette nouvelle entreprise de mara\u00eechage bio au nom notamment du d\u00e9veloppement d\u2019emplois de proximit\u00e9, de la consommation saine et locale et de la promotion de notre biodiversit\u00e9.<\/span><\/div>\n<p \/><\/div>\n<p><span style=\"font-size:16px;\"><br \/><\/span><\/p>\n<p \/>\n<p><div class='p_embed p_image_embed'><a href=\"http:\/\/fermebiodupetitsart.be\/wp-content\/uploads\/2013\/04\/p1180698-jpeg-scaled-1000.jpg\"><img loading=\"lazy\" decoding=\"async\" alt=\"P1180698\" height=\"355\" src=\"http:\/\/fermebiodupetitsart.be\/wp-content\/uploads\/2013\/04\/p1180698-jpeg-scaled-1000.jpg?w=300\" width=\"500\" \/><\/a><\/div>\n<\/p>\n<p \/>\n<p><div class='p_embed p_image_embed'><a href=\"http:\/\/fermebiodupetitsart.be\/wp-content\/uploads\/2013\/04\/p1000294-jpeg-scaled-1000.jpg\"><img loading=\"lazy\" decoding=\"async\" alt=\"P1000294\" height=\"375\" src=\"http:\/\/fermebiodupetitsart.be\/wp-content\/uploads\/2013\/04\/p1000294-jpeg-scaled-1000.jpg?w=300\" width=\"500\" \/><\/a><\/div>\n<\/p>\n<p \/>\n<div><span><span style=\"font-family:Times New Roman, serif;font-size:16px;\">Pour relever ce d\u00e9fi, Gw\u00e9na\u00ebl du BUS y a install\u00e9 \u00e0 c\u00f4t\u00e9 des b\u00e2timents de&nbsp;<\/span><\/span><span style=\"font-family:Times New Roman, serif;font-size:16px;\">ferme, trois serres\/tunnels de 120 m\u00e8tres. De plus il y cultive \u00e9galement des l\u00e9gumes de pleine terre.<\/span><\/div>\n<div>\n<div>\n<p \/><span style=\"font-family:Times New Roman, serif;font-size:16px;\">La proximit\u00e9 de cette zone de mara\u00eechage et des b\u00e2timents de ferme est d\u2019autant plus n\u00e9cessaire qu\u2019indispensable. Gw\u00e9na\u00ebl b\u00e9n\u00e9ficie ainsi de l\u2019eau de pluie r\u00e9colt\u00e9e par les toitures des b\u00e2timents agricoles et stock\u00e9e dans les citernes, pour arroser ses l\u00e9gumes cultiv\u00e9s dans les serres. De plus le hangar abrite une chambre frigorifique bien utile pour conserver des centaines de caisses de l\u00e9gumes\/fruits qu\u2019il vend aux march\u00e9s de Grez-Doiceau (les vendredis apr\u00e8s midi) et de Stockel (les samedis matins).&nbsp;<\/span><\/div>\n<\/div>\n<div><span><span style=\"font-family:Times New Roman, serif;font-size:16px;\">Photos : Agence M\u00e9dialogues<\/span><\/span><\/div>\n<div><span><span style=\"font-family:Times New Roman, serif;font-size:16px;\">,<\/span><\/span><\/div>\n<p><div class='p_embed p_image_embed'><a href=\"http:\/\/fermebiodupetitsart.be\/wp-content\/uploads\/2013\/04\/p1030352-jpeg-scaled-1000.jpg\"><img loading=\"lazy\" decoding=\"async\" alt=\"P1030352\" height=\"375\" src=\"http:\/\/fermebiodupetitsart.be\/wp-content\/uploads\/2013\/04\/p1030352-jpeg-scaled-1000.jpg?w=300\" width=\"500\" \/><\/a><\/div>\n<\/p>\n<p \/>\n<p \/>\n<div><span><span style=\"font-family:Times New Roman, serif;font-size:16px;\">Plus d\u2019infos ? Contacter directement Gw\u00e9na\u00ebl du Bus au 0494-99.21.18<\/span><\/span><\/div>\n","protected":false},"excerpt":{"rendered":"<p>Bonne Nouvelle. Gw\u00e9na\u00ebl du Bus de Warnaffe \u2013 un des 2 mara\u00eechers qui travaille, comme L\u00e9a Corroy \u2013 sur les terres de la ferme bio du Petit Sart de Grez-Doiceau, a \u00e9t\u00e9 honor\u00e9 vendredi dernier lors de la 78\u00e8me Foire agricole de Libramont&#8230; <a href=\"https:\/\/fermebiodupetitsart.be\/?p=150638504\">Continuer la lecture <span class=\"meta-nav\">&rarr;<\/span><\/a><\/p>\n","protected":false},"author":1,"featured_media":0,"comment_status":"closed","ping_status":"closed","sticky":false,"template":"","format":"standard","meta":{"footnotes":""},"categories":[6],"tags":[],"class_list":["post-150638504","post","type-post","status-publish","format-standard","hentry","category-uncategorized"],"_links":{"self":[{"href":"https:\/\/fermebiodupetitsart.be\/index.php?rest_route=\/wp\/v2\/posts\/150638504","targetHints":{"allow":["GET"]}}],"collection":[{"href":"https:\/\/fermebiodupetitsart.be\/index.php?rest_route=\/wp\/v2\/posts"}],"about":[{"href":"https:\/\/fermebiodupetitsart.be\/index.php?rest_route=\/wp\/v2\/types\/post"}],"author":[{"embeddable":true,"href":"https:\/\/fermebiodupetitsart.be\/index.php?rest_route=\/wp\/v2\/users\/1"}],"replies":[{"embeddable":true,"href":"https:\/\/fermebiodupetitsart.be\/index.php?rest_route=%2Fwp%2Fv2%2Fcomments&post=150638504"}],"version-history":[{"count":1,"href":"https:\/\/fermebiodupetitsart.be\/index.php?rest_route=\/wp\/v2\/posts\/150638504\/revisions"}],"predecessor-version":[{"id":176277343,"href":"https:\/\/fermebiodupetitsart.be\/index.php?rest_route=\/wp\/v2\/posts\/150638504\/revisions\/176277343"}],"wp:attachment":[{"href":"https:\/\/fermebiodupetitsart.be\/index.php?rest_route=%2Fwp%2Fv2%2Fmedia&parent=150638504"}],"wp:term":[{"taxonomy":"category","embeddable":true,"href":"https:\/\/fermebiodupetitsart.be\/index.php?rest_route=%2Fwp%2Fv2%2Fcategories&post=150638504"},{"taxonomy":"post_tag","embeddable":true,"href":"https:\/\/fermebiodupetitsart.be\/index.php?rest_route=%2Fwp%2Fv2%2Ftags&post=150638504"}],"curies":[{"name":"wp","href":"https:\/\/api.w.org\/{rel}","templated":true}]}}