{"id":122000218,"date":"2012-04-12T06:42:08","date_gmt":"2012-04-12T06:42:08","guid":{"rendered":"http:\/\/fermebiodupetitsart.posterous.com\/la-famille-ginion-enchantee-par-leur-stage-di"},"modified":"2015-01-10T09:27:29","modified_gmt":"2015-01-10T08:27:29","slug":"la-famille-ginion-enchantee-par-leur-stage-di","status":"publish","type":"post","link":"https:\/\/fermebiodupetitsart.be\/?p=122000218","title":{"rendered":"La famille Ginion enchant\u00e9e par leur Stage d&rsquo;initiation au jardinage bio"},"content":{"rendered":"<blockquote>\n<div>Chers Carl et Hubert,<\/p>\n<div>En rentrant chez nous, il est difficile de ne pas garder votre coin de paradis en t\u00eate\u2026&nbsp;<\/div>\n<div>Bon courage \u00e0 Hubert pour r\u00e9cup\u00e9rer le travail en retard \u00e0 la Ferme du Petit Sart !<\/div>\n<div>j&rsquo;ai retravaill\u00e9 quelques photos que je vous livre.&nbsp;<\/div>\n<div>un grand merci pour ces trois jours de stage inter-g\u00e9n\u00e9rationnel \u00e0 Grez-Doiceau, les rencontres, les ressources.<\/div>\n<div>A bient\u00f4t,&nbsp;<\/div>\n<p \/>\n<div>Aur\u00e9lien, Lo\u00efc et Benoit &nbsp;(Stage 2\u00e8me semaine de P\u00e2ques 2012)<\/div>\n<p \/>\n<p \/>\n<div>\n<div class='p_embed p_image_embed'><a href=\"http:\/\/fermebiodupetitsart.be\/wp-content\/uploads\/2013\/04\/fermepetitsart.jpeg\"><img loading=\"lazy\" decoding=\"async\" alt=\"Fermepetitsart\" height=\"333\" src=\"http:\/\/fermebiodupetitsart.be\/wp-content\/uploads\/2013\/04\/fermepetitsart.jpeg?w=300\" width=\"500\" \/><\/a><\/div>\n<\/div>\n<div>.<\/div>\n<div>.je sais, c&rsquo;est de l&rsquo;autre c\u00f4t\u00e9 de la colline, mais c&rsquo;est tellement joli aussi!<\/div>\n<div>\n<div class='p_embed p_image_embed'><a href=\"http:\/\/fermebiodupetitsart.be\/wp-content\/uploads\/2013\/04\/champ_petit_sart.jpeg\"><img loading=\"lazy\" decoding=\"async\" alt=\"Champ_petit_sart\" height=\"296\" src=\"http:\/\/fermebiodupetitsart.be\/wp-content\/uploads\/2013\/04\/champ_petit_sart.jpeg?w=300\" width=\"500\" \/><\/a><\/div>\n<\/div>\n<\/div>\n<\/blockquote>\n","protected":false},"excerpt":{"rendered":"<p>Chers Carl et Hubert,En rentrant chez nous, il est difficile de ne pas garder votre coin de paradis en t\u00eate\u2026 Bon courage   Hubert pour r\u00e9cup\u00e9rer le travail en retard   la Ferme du Petit Sart !j&rsquo;ai retravaill\u00e9 quelques photos que je vous li&#8230; <a href=\"https:\/\/fermebiodupetitsart.be\/?p=122000218\">Continuer la lecture <span class=\"meta-nav\">&rarr;<\/span><\/a><\/p>\n","protected":false},"author":1,"featured_media":0,"comment_status":"closed","ping_status":"closed","sticky":false,"template":"","format":"standard","meta":{"footnotes":""},"categories":[6],"tags":[],"class_list":["post-122000218","post","type-post","status-publish","format-standard","hentry","category-uncategorized"],"_links":{"self":[{"href":"https:\/\/fermebiodupetitsart.be\/index.php?rest_route=\/wp\/v2\/posts\/122000218","targetHints":{"allow":["GET"]}}],"collection":[{"href":"https:\/\/fermebiodupetitsart.be\/index.php?rest_route=\/wp\/v2\/posts"}],"about":[{"href":"https:\/\/fermebiodupetitsart.be\/index.php?rest_route=\/wp\/v2\/types\/post"}],"author":[{"embeddable":true,"href":"https:\/\/fermebiodupetitsart.be\/index.php?rest_route=\/wp\/v2\/users\/1"}],"replies":[{"embeddable":true,"href":"https:\/\/fermebiodupetitsart.be\/index.php?rest_route=%2Fwp%2Fv2%2Fcomments&post=122000218"}],"version-history":[{"count":1,"href":"https:\/\/fermebiodupetitsart.be\/index.php?rest_route=\/wp\/v2\/posts\/122000218\/revisions"}],"predecessor-version":[{"id":176277347,"href":"https:\/\/fermebiodupetitsart.be\/index.php?rest_route=\/wp\/v2\/posts\/122000218\/revisions\/176277347"}],"wp:attachment":[{"href":"https:\/\/fermebiodupetitsart.be\/index.php?rest_route=%2Fwp%2Fv2%2Fmedia&parent=122000218"}],"wp:term":[{"taxonomy":"category","embeddable":true,"href":"https:\/\/fermebiodupetitsart.be\/index.php?rest_route=%2Fwp%2Fv2%2Fcategories&post=122000218"},{"taxonomy":"post_tag","embeddable":true,"href":"https:\/\/fermebiodupetitsart.be\/index.php?rest_route=%2Fwp%2Fv2%2Ftags&post=122000218"}],"curies":[{"name":"wp","href":"https:\/\/api.w.org\/{rel}","templated":true}]}}