{"id":119665218,"date":"2012-04-06T11:27:00","date_gmt":"2012-04-06T11:27:00","guid":{"rendered":"http:\/\/fermebiodupetitsart.posterous.com\/grez-doiceau-franc-succes-pour-les-2-stages-d"},"modified":"2015-01-10T09:27:29","modified_gmt":"2015-01-10T08:27:29","slug":"grez-doiceau-franc-succes-pour-les-2-stages-d","status":"publish","type":"post","link":"https:\/\/fermebiodupetitsart.be\/?p=119665218","title":{"rendered":"Grez-Doiceau : Franc succ\u00e8s pour les 2 stages de Jardinage Bio \u00e0 la Ferme du Petit-Sart"},"content":{"rendered":"<p><span style=\"font-size:large;\">Durant ces vacances de P&acirc;ques, la Ferme Bio p&eacute;dagogique du Petit-Sart de Grez-Doiceau organise deux stages interg&eacute;n&eacute;rationnels pour s&rsquo;initier aux bonnes pratiques potag&egrave;res et se r&eacute;approprier sant&eacute; et saveurs alimentaires.<\/span><\/p>\n<div><span style=\"font-size:large;\"><br \/><\/span><\/p>\n<div><span style=\"font-size:large;\">Hubert del Marmol, Eleveur et agrobiologiste et l&rsquo;&eacute;quipe de formateurs anim&eacute;s par Carl Vandoorne, coordinateur p&eacute;dagogique et secr&eacute;taire de Nature &amp; Progr&egrave;s pour les communes de l&rsquo;Est du Brabant, ont initi&eacute; plus de 50 participants &nbsp;de Grez-Doiceau, de Bruxelles et de Wallonie (enfants, parents, grands-parents et m&ecirc;me arri&egrave;res grands parents) aux principales techniques pour la cr&eacute;ation d&rsquo;un potager bio.<\/span><\/div>\n<\/div>\n<div><span style=\"font-size:large;\">La formation tr&egrave;s pratique porte sur la culture de 60 l&eacute;gumes parfois oubli&eacute;s mais aussi de fleurs bio comestibles. &nbsp;<\/span><\/div>\n<p \/>\n<div><span style=\"font-size:large;\">Le deuxi&egrave;me stage d&eacute;marre ce lundi de P&acirc;ques par une le&ccedil;on introductive donn&eacute;e par l&rsquo;Ottintois, Jo&euml;l Biermant, les cours pratiques suivant seront donn&eacute;s par Patricia Gramme, Daniel Collard, Hubert del Marmol, Tania Geuenich de Brito et Manu Tilquin.<\/span><\/div>\n<p \/>\n<div><span style=\"font-size:large;\">Le jeudi de l&rsquo;Ascension 17 mai , dans le cadre des Journ&eacute;es Portes-Ouvertes de Nature &amp; Progr&egrave;s, les habitants du Brabant-Wallon pourront venir &nbsp;visiter la nouvelle ferme bio d&rsquo;Hubert del Marmol. Rencontrer et dialoguer avec les stagiaires en pleine activit&eacute; dans leur grand potager exp&eacute;rimental de cette toute premi&egrave;re ferme bio p&eacute;dagogique implant&eacute;e dans notre jeune province.<\/span><\/div>\n<p \/>\n<p \/>\n<div><span style=\"font-size:large;\">Les initiateurs de la Ferme Bio P&eacute;dagogique du Petit Sart ont d&ucirc; refuser beaucoup de monde pour ses 2 stages de P&acirc;ques&#8230; C&rsquo;est dire le succ&egrave;s et l&rsquo;int&eacute;r&ecirc;t des citoyens et consommateurs pour la fili&egrave;re biologique !<\/span><\/div>\n<div><span style=\"font-size:large;\">Plus d&rsquo;info, sur le site : <a href=\"http:\/\/fermebiodupetitsart.posterous.com\">http:\/\/fermebiodupetitsart.posterous.com<\/a> &nbsp; &nbsp; &nbsp; &nbsp;&nbsp;<\/span><\/div>\n<p \/>\n<div><span style=\"font-size:large;\">&nbsp;+ d&rsquo;info sur la Ferme bio P&eacute;dagogique ? &nbsp; &nbsp;0477-52 81 39<\/span><\/div>\n<p \/>\n<p \/>\n<p \/>\n<p><div class='p_embed p_image_embed'><a href=\"http:\/\/fermebiodupetitsart.be\/wp-content\/uploads\/2013\/04\/p1180520.jpeg\"><img loading=\"lazy\" decoding=\"async\" alt=\"P1180520\" height=\"375\" src=\"http:\/\/fermebiodupetitsart.be\/wp-content\/uploads\/2013\/04\/p1180520.jpeg?w=300\" width=\"500\" \/><\/a><\/div>\n<\/p>\n<p>&nbsp;<\/p>\n<p \/>\n<p><div class='p_embed p_image_embed'><a href=\"http:\/\/fermebiodupetitsart.be\/wp-content\/uploads\/2013\/04\/p1010115.jpeg\"><img loading=\"lazy\" decoding=\"async\" alt=\"P1010115\" height=\"375\" src=\"http:\/\/fermebiodupetitsart.be\/wp-content\/uploads\/2013\/04\/p1010115.jpeg?w=300\" width=\"500\" \/><\/a><\/div>\n<\/p>\n<p>&nbsp;<\/p>\n<p \/>\n<p><div class='p_embed p_image_embed'><a href=\"http:\/\/fermebiodupetitsart.be\/wp-content\/uploads\/2013\/04\/p1000877.jpeg\"><img loading=\"lazy\" decoding=\"async\" alt=\"P1000877\" height=\"375\" src=\"http:\/\/fermebiodupetitsart.be\/wp-content\/uploads\/2013\/04\/p1000877.jpeg?w=300\" width=\"500\" \/><\/a><\/div>\n<\/p>\n<p>&nbsp;<\/p>\n<p \/>\n<p><div class='p_embed p_image_embed'><a href=\"http:\/\/fermebiodupetitsart.be\/wp-content\/uploads\/2013\/04\/p1000791.jpeg\"><img loading=\"lazy\" decoding=\"async\" alt=\"P1000791\" height=\"375\" src=\"http:\/\/fermebiodupetitsart.be\/wp-content\/uploads\/2013\/04\/p1000791.jpeg?w=300\" width=\"500\" \/><\/a><\/div>\n<\/p>\n<p>&nbsp;<\/p>\n<p \/>\n<p><div class='p_embed p_image_embed'><a href=\"http:\/\/fermebiodupetitsart.be\/wp-content\/uploads\/2013\/04\/p1000764.jpeg\"><img loading=\"lazy\" decoding=\"async\" alt=\"P1000764\" height=\"375\" src=\"http:\/\/fermebiodupetitsart.be\/wp-content\/uploads\/2013\/04\/p1000764.jpeg?w=300\" width=\"500\" \/><\/a><\/div>\n<\/p>\n<p>&nbsp;<\/p>\n<p \/>\n<p><div class='p_embed p_image_embed'><a href=\"http:\/\/fermebiodupetitsart.be\/wp-content\/uploads\/2013\/04\/p1010141.jpeg\"><img loading=\"lazy\" decoding=\"async\" alt=\"P1010141\" height=\"375\" src=\"http:\/\/fermebiodupetitsart.be\/wp-content\/uploads\/2013\/04\/p1010141.jpeg?w=300\" width=\"500\" \/><\/a><\/div>\n<\/p>\n<p>&nbsp;<\/p>\n<p \/>\n<p><div class='p_embed p_image_embed'><a href=\"http:\/\/fermebiodupetitsart.be\/wp-content\/uploads\/2013\/04\/p1010151.jpeg\"><img loading=\"lazy\" decoding=\"async\" alt=\"P1010151\" height=\"375\" src=\"http:\/\/fermebiodupetitsart.be\/wp-content\/uploads\/2013\/04\/p1010151.jpeg?w=300\" width=\"500\" \/><\/a><\/div>\n<\/p>\n<p>&nbsp;<\/p>\n<p \/>\n<p><div class='p_embed p_image_embed'><a href=\"http:\/\/fermebiodupetitsart.be\/wp-content\/uploads\/2013\/04\/p1010171.jpeg\"><img loading=\"lazy\" decoding=\"async\" alt=\"P1010171\" height=\"375\" src=\"http:\/\/fermebiodupetitsart.be\/wp-content\/uploads\/2013\/04\/p1010171.jpeg?w=300\" width=\"500\" \/><\/a><\/div><\/p>\n","protected":false},"excerpt":{"rendered":"<p>Durant ces vacances de P\u00e2ques, la Ferme Bio p\u00e9dagogique du Petit-Sart de Grez-Doiceau organise deux stages interg\u00e9n\u00e9rationnels pour s&rsquo;initier aux bonnes pratiques potag\u00e8res et se r\u00e9approprier sant\u00e9 et saveurs alimentaires. Hubert del Marmol, Eleve&#8230; <a href=\"https:\/\/fermebiodupetitsart.be\/?p=119665218\">Continuer la lecture <span class=\"meta-nav\">&rarr;<\/span><\/a><\/p>\n","protected":false},"author":1,"featured_media":0,"comment_status":"closed","ping_status":"closed","sticky":false,"template":"","format":"standard","meta":{"footnotes":""},"categories":[6],"tags":[],"class_list":["post-119665218","post","type-post","status-publish","format-standard","hentry","category-uncategorized"],"_links":{"self":[{"href":"https:\/\/fermebiodupetitsart.be\/index.php?rest_route=\/wp\/v2\/posts\/119665218","targetHints":{"allow":["GET"]}}],"collection":[{"href":"https:\/\/fermebiodupetitsart.be\/index.php?rest_route=\/wp\/v2\/posts"}],"about":[{"href":"https:\/\/fermebiodupetitsart.be\/index.php?rest_route=\/wp\/v2\/types\/post"}],"author":[{"embeddable":true,"href":"https:\/\/fermebiodupetitsart.be\/index.php?rest_route=\/wp\/v2\/users\/1"}],"replies":[{"embeddable":true,"href":"https:\/\/fermebiodupetitsart.be\/index.php?rest_route=%2Fwp%2Fv2%2Fcomments&post=119665218"}],"version-history":[{"count":1,"href":"https:\/\/fermebiodupetitsart.be\/index.php?rest_route=\/wp\/v2\/posts\/119665218\/revisions"}],"predecessor-version":[{"id":176277348,"href":"https:\/\/fermebiodupetitsart.be\/index.php?rest_route=\/wp\/v2\/posts\/119665218\/revisions\/176277348"}],"wp:attachment":[{"href":"https:\/\/fermebiodupetitsart.be\/index.php?rest_route=%2Fwp%2Fv2%2Fmedia&parent=119665218"}],"wp:term":[{"taxonomy":"category","embeddable":true,"href":"https:\/\/fermebiodupetitsart.be\/index.php?rest_route=%2Fwp%2Fv2%2Fcategories&post=119665218"},{"taxonomy":"post_tag","embeddable":true,"href":"https:\/\/fermebiodupetitsart.be\/index.php?rest_route=%2Fwp%2Fv2%2Ftags&post=119665218"}],"curies":[{"name":"wp","href":"https:\/\/api.w.org\/{rel}","templated":true}]}}