{"id":115753585,"date":"2012-03-26T12:12:00","date_gmt":"2012-03-26T12:12:00","guid":{"rendered":"http:\/\/fermebiodupetitsart.posterous.com\/reportage-tv-manger-bio-et-local"},"modified":"2015-01-10T09:27:29","modified_gmt":"2015-01-10T08:27:29","slug":"reportage-tv-manger-bio-et-local","status":"publish","type":"post","link":"https:\/\/fermebiodupetitsart.be\/?p=115753585","title":{"rendered":"reportage TV : Manger bio et local !"},"content":{"rendered":"<div>\n<p \/><img loading=\"lazy\" decoding=\"async\" src=\"http:\/\/www.televisiondumonde.be\/images\/PhotosFiches\/Fiche_TamTamMangerBioLocal.jpg\" height=\"112\" alt=\"image\" width=\"200\" \/><\/div>\n<p \/>\n<div>Des dizaines de citoyen(ne)s de Mont-St-Guibert dans le Brabant-Wallon ont d&eacute;cid&eacute; de devenir <strong class=\"orange\">acteurs de leur alimentation par une consommation bio et locale<\/strong>.&nbsp;<\/p>\n<p>Ils nous livrent leur conviction en mati&egrave;re de sant&eacute;, d&rsquo;environnement et d&rsquo;&eacute;conomie. &nbsp;Cliquer sur ce lien. Encore, une belle r&eacute;alisation de T&eacute;l&eacute;vison du monde !<\/p>\n<\/div>\n<p \/> Visionnez la vid&eacute;o<\/p>\n<div>\n<div><span style=\"font-size:large;\"><a href=\"http:\/\/www.televisiondumonde.be\/TDM_Fiche_TamTamMangerBioLocal.html\">http:\/\/www.televisiondumonde.be\/TDM_Fiche_TamTamMangerBioLocal.html<\/a><\/span><\/div>\n<\/div>\n","protected":false},"excerpt":{"rendered":"<p>Des dizaines de citoyen(ne)s de Mont-St-Guibert dans le Brabant-Wallon ont d\u00e9cid\u00e9 de devenir acteurs de leur alimentation par une consommation bio et locale. Ils nous livrent leur conviction en mati\u00e8re de sant\u00e9, d&rsquo;environnement et d&rsquo;\u00e9conomie. Cliq&#8230; <a href=\"https:\/\/fermebiodupetitsart.be\/?p=115753585\">Continuer la lecture <span class=\"meta-nav\">&rarr;<\/span><\/a><\/p>\n","protected":false},"author":1,"featured_media":0,"comment_status":"closed","ping_status":"closed","sticky":false,"template":"","format":"standard","meta":{"footnotes":""},"categories":[6],"tags":[],"class_list":["post-115753585","post","type-post","status-publish","format-standard","hentry","category-uncategorized"],"_links":{"self":[{"href":"https:\/\/fermebiodupetitsart.be\/index.php?rest_route=\/wp\/v2\/posts\/115753585","targetHints":{"allow":["GET"]}}],"collection":[{"href":"https:\/\/fermebiodupetitsart.be\/index.php?rest_route=\/wp\/v2\/posts"}],"about":[{"href":"https:\/\/fermebiodupetitsart.be\/index.php?rest_route=\/wp\/v2\/types\/post"}],"author":[{"embeddable":true,"href":"https:\/\/fermebiodupetitsart.be\/index.php?rest_route=\/wp\/v2\/users\/1"}],"replies":[{"embeddable":true,"href":"https:\/\/fermebiodupetitsart.be\/index.php?rest_route=%2Fwp%2Fv2%2Fcomments&post=115753585"}],"version-history":[{"count":1,"href":"https:\/\/fermebiodupetitsart.be\/index.php?rest_route=\/wp\/v2\/posts\/115753585\/revisions"}],"predecessor-version":[{"id":176277349,"href":"https:\/\/fermebiodupetitsart.be\/index.php?rest_route=\/wp\/v2\/posts\/115753585\/revisions\/176277349"}],"wp:attachment":[{"href":"https:\/\/fermebiodupetitsart.be\/index.php?rest_route=%2Fwp%2Fv2%2Fmedia&parent=115753585"}],"wp:term":[{"taxonomy":"category","embeddable":true,"href":"https:\/\/fermebiodupetitsart.be\/index.php?rest_route=%2Fwp%2Fv2%2Fcategories&post=115753585"},{"taxonomy":"post_tag","embeddable":true,"href":"https:\/\/fermebiodupetitsart.be\/index.php?rest_route=%2Fwp%2Fv2%2Ftags&post=115753585"}],"curies":[{"name":"wp","href":"https:\/\/api.w.org\/{rel}","templated":true}]}}